{"id":4421,"date":"2016-09-15T19:09:10","date_gmt":"2016-09-15T22:09:10","guid":{"rendered":"http:\/\/radio.multiman.com.br\/web\/?p=3316"},"modified":"2024-10-17T23:36:39","modified_gmt":"2024-10-18T02:36:39","slug":"15-de-setembro-dia-do-musicoterapeuta","status":"publish","type":"post","link":"https:\/\/multihuman.com.br\/site\/blog\/15-de-setembro-dia-do-musicoterapeuta\/","title":{"rendered":"15 de setembro \u2013 Dia do Musicoterapeuta"},"content":{"rendered":"<h3>O profissional que usa a m\u00fasica como terapia!<\/h3>\n\n\n<figure class=\"wp-block-image\"><img fetchpriority=\"high\" decoding=\"async\" width=\"600\" height=\"600\" src=\"http:\/\/multihuman.com.br\/site\/wp-content\/uploads\/2016\/09\/dia_musicoterapeuta.jpg\" alt=\"\" class=\"wp-image-3317\" srcset=\"https:\/\/multihuman.com.br\/site\/wp-content\/uploads\/2016\/09\/dia_musicoterapeuta.jpg 600w, https:\/\/multihuman.com.br\/site\/wp-content\/uploads\/2016\/09\/dia_musicoterapeuta-150x150.jpg 150w, https:\/\/multihuman.com.br\/site\/wp-content\/uploads\/2016\/09\/dia_musicoterapeuta-300x300.jpg 300w, https:\/\/multihuman.com.br\/site\/wp-content\/uploads\/2016\/09\/dia_musicoterapeuta-170x170.jpg 170w, https:\/\/multihuman.com.br\/site\/wp-content\/uploads\/2016\/09\/dia_musicoterapeuta-100x100.jpg 100w\" sizes=\"(max-width: 600px) 100vw, 600px\" \/><\/figure>\n\n\n\n<p class=\"has-drop-cap\">Em abril de 1991, Luiz Ant\u00f4nio Fleury Filho, ent\u00e3o governador de S\u00e3o Paulo, decretou a data de 15 de setembro como o Dia do Musicoterapeuta. Logo a comemora\u00e7\u00e3o foi estendida para o resto do pa\u00eds.<\/p>\n\n\n\n<p>A defini\u00e7\u00e3o cl\u00e1ssica diz que Musicoterapia \u00e9 a utiliza\u00e7\u00e3o da m\u00fasica e\/ou algum de seus elementos (som, ritmo, melodia e harmonia), por um musicoterapeuta qualificado, com um paciente ou grupo, em um processo destinado a facilitar e promover comunica\u00e7\u00e3o, relacionamento, aprendizado, mobiliza\u00e7\u00e3o, express\u00e3o, organiza\u00e7\u00e3o e outros objetivos terap\u00eauticos relevantes, a fim de atender \u00e0s necessidades f\u00edsicas, mentais, sociais e cognitivas.<br><\/p>\n\n\n\n<p>O processo da musicoterapia pode se desenvolver de acordo com v\u00e1rios m\u00e9todos. Alguns s\u00e3o receptivos, quando o musicoterapeuta toca m\u00fasica para o paciente. Este tipo de sess\u00e3o normalmente se limita a pacientes com grandes dificuldades motoras ou em apenas uma parte do tratamento, com objetivos espec\u00edficos. Na maior parte dos casos a musicoterapia \u00e9 ativa, ou seja, o pr\u00f3prio paciente toca os instrumentos musicais, canta, dan\u00e7a ou realiza outras atividades junto com o terapeuta. A forma como o musicoterapeuta interage com os pacientes depende dos objetivos do trabalho e dos m\u00e9todos que ele utiliza. Em alguns casos as sess\u00f5es s\u00e3o gravadas e o terapeuta realiza improvisa\u00e7\u00f5es ou composi\u00e7\u00f5es sobre os temas apresentados pelo paciente. Alguns musicoterapeutas procuram interpretar musicalmente a m\u00fasica produzida durante a sess\u00e3o. Outros preferem m\u00e9todos que utilizem apenas a improvisa\u00e7\u00e3o sem a necessidade de interpreta\u00e7\u00e3o. Os objetivos da produ\u00e7\u00e3o durante uma sess\u00e3o de musicoterapia s\u00e3o n\u00e3o-musicais, por isso n\u00e3o \u00e9 necess\u00e1rio que o paciente possua nenhum treinamento musical para que possa participar deste tratamento.<\/p>\n\n\n\n<p>O musicoterapeuta, por outro lado, devido \u00e0s habilidades necess\u00e1rias \u00e0 condu\u00e7\u00e3o do processo terap\u00eautico, precisa ter profici\u00eancia em diversos instrumentos musicais. Os mais usados s\u00e3o o viol\u00e3o, o piano (ou outros instrumentos com teclado) e instrumentos de percuss\u00e3o.<\/p>\n\n\n<h4>Estilos musicais<\/h4>\n\n\n<p>A interven\u00e7\u00e3o terap\u00eautica pode vir associada \u00e0 outras t\u00e9cnicas como relaxamento progressivo, treinamento aut\u00f3geno, reiki, yoga ou acupuntura. Apesar de haver um sub-entendido consenso sobre os benef\u00edcios da m\u00fasica cl\u00e1ssica ou a m\u00fasica psicod\u00e9lica eletr\u00f4nica de sons cont\u00ednuos ou no caso de acupuntura e yoga indiana associada \u00e0 medita\u00e7\u00e3o assim como a m\u00fasica da China \u00e9 sabido que o efeito da m\u00fasica sobre o paciente depende de sua hist\u00f3ria de conviv\u00eancia com os diversos estilos musicais por um processo de condicionamento est\u00e9tico e\/ou viv\u00eancia por ventura associadas.<\/p>\n\n\n\n<p>A interven\u00e7\u00e3o terap\u00eautica pode vir associada \u00e0 outras t\u00e9cnicas como relaxamento e t\u00e9cnicas transdisciplinares. Apesar de haver um sub-entendido consenso sobre os benef\u00edcios de algumas formas musicais, \u00e9 sabido que o efeito da m\u00fasica sobre o paciente depende de sua hist\u00f3ria de conviv\u00eancia com os diversos estilos musicais por um processo de condicionamento est\u00e9tico e\/ou viv\u00eancia por ventura associadas. Por outro lado os musicoterapeutas na sua forma\u00e7\u00e3o estudam os efeitos dos ritmos repetidos, a associa\u00e7\u00e3o de ritmos ao transe e \u00eaxtase m\u00edstico e\/ou o seu efeito sobre as emo\u00e7\u00f5es humanas, relativamente bem conhecidos como por exemplo por produtores da m\u00fasica de filmes (suspense, a\u00e7\u00e3o, sensualidade, etc) e pe\u00e7as teatrais incluindo a \u00f3pera. Recentemente uma das maiores aplica\u00e7\u00f5es de sucesso reconhecido da musicoterapia tem sido o tratamento da dor cr\u00f4nica e stress p\u00f3s traum\u00e1tico.<\/p>\n","protected":false},"excerpt":{"rendered":"<p>O profissional que usa a m\u00fasica como terapia! Em abril de 1991, Luiz Ant\u00f4nio Fleury Filho, ent\u00e3o governador de S\u00e3o Paulo, decretou a data de 15 de setembro como o Dia do Musicoterapeuta. Logo a comemora\u00e7\u00e3o foi estendida para o resto do pa\u00eds. A defini\u00e7\u00e3o cl\u00e1ssica diz que Musicoterapia \u00e9 a utiliza\u00e7\u00e3o da m\u00fasica e\/ou [&hellip;]<\/p>\n","protected":false},"author":2,"featured_media":3317,"comment_status":"open","ping_status":"closed","sticky":false,"template":"","format":"standard","meta":{"footnotes":""},"categories":[95,98],"tags":[107,212,341,342,343,344,345,352,421,431,432,433],"class_list":["post-4421","post","type-post","status-publish","format-standard","has-post-thumbnail","hentry","category-qualidade-de-vida","category-terapias","tag-15-de-setembro","tag-dia-do-musicoterapeuta","tag-musica","tag-musica-terapia","tag-musicaterapia","tag-musicoterapeuta","tag-musictherapy","tag-ondas-sonoras","tag-som","tag-terapia","tag-terapia-musical","tag-terapia-sonora"],"yoast_head":"<!-- This site is optimized with the Yoast SEO plugin v26.2 - https:\/\/yoast.com\/wordpress\/plugins\/seo\/ -->\n<title>15 de setembro \u2013 Dia do Musicoterapeuta - MultiHuman EntheoMusic<\/title>\n<meta name=\"robots\" content=\"index, follow, max-snippet:-1, max-image-preview:large, max-video-preview:-1\" \/>\n<link rel=\"canonical\" href=\"https:\/\/multihuman.com.br\/site\/blog\/15-de-setembro-dia-do-musicoterapeuta\/\" \/>\n<meta property=\"og:locale\" content=\"pt_BR\" \/>\n<meta property=\"og:type\" content=\"article\" \/>\n<meta property=\"og:title\" content=\"15 de setembro \u2013 Dia do Musicoterapeuta - MultiHuman EntheoMusic\" \/>\n<meta property=\"og:description\" content=\"O profissional que usa a m\u00fasica como terapia! Em abril de 1991, Luiz Ant\u00f4nio Fleury Filho, ent\u00e3o governador de S\u00e3o Paulo, decretou a data de 15 de setembro como o Dia do Musicoterapeuta. Logo a comemora\u00e7\u00e3o foi estendida para o resto do pa\u00eds. A defini\u00e7\u00e3o cl\u00e1ssica diz que Musicoterapia \u00e9 a utiliza\u00e7\u00e3o da m\u00fasica e\/ou [&hellip;]\" \/>\n<meta property=\"og:url\" content=\"https:\/\/multihuman.com.br\/site\/blog\/15-de-setembro-dia-do-musicoterapeuta\/\" \/>\n<meta property=\"og:site_name\" content=\"MultiHuman EntheoMusic\" \/>\n<meta property=\"article:publisher\" content=\"https:\/\/www.facebook.com\/MultiHumanEntheoMusic\" \/>\n<meta property=\"article:published_time\" content=\"2016-09-15T22:09:10+00:00\" \/>\n<meta property=\"article:modified_time\" content=\"2024-10-18T02:36:39+00:00\" \/>\n<meta property=\"og:image\" content=\"https:\/\/multihuman.com.br\/site\/wp-content\/uploads\/2016\/09\/dia_musicoterapeuta.jpg\" \/>\n\t<meta property=\"og:image:width\" content=\"600\" \/>\n\t<meta property=\"og:image:height\" content=\"600\" \/>\n\t<meta property=\"og:image:type\" content=\"image\/jpeg\" \/>\n<meta name=\"author\" content=\"fmultihuman\" \/>\n<meta name=\"twitter:card\" content=\"summary_large_image\" \/>\n<meta name=\"twitter:creator\" content=\"@TMWebRadio\" \/>\n<meta name=\"twitter:site\" content=\"@TMWebRadio\" \/>\n<meta name=\"twitter:label1\" content=\"Escrito por\" \/>\n\t<meta name=\"twitter:data1\" content=\"fmultihuman\" \/>\n\t<meta name=\"twitter:label2\" content=\"Est. tempo de leitura\" \/>\n\t<meta name=\"twitter:data2\" content=\"3 minutos\" \/>\n<script type=\"application\/ld+json\" class=\"yoast-schema-graph\">{\"@context\":\"https:\/\/schema.org\",\"@graph\":[{\"@type\":\"WebPage\",\"@id\":\"https:\/\/multihuman.com.br\/site\/blog\/15-de-setembro-dia-do-musicoterapeuta\/\",\"url\":\"https:\/\/multihuman.com.br\/site\/blog\/15-de-setembro-dia-do-musicoterapeuta\/\",\"name\":\"15 de setembro \u2013 Dia do Musicoterapeuta - MultiHuman EntheoMusic\",\"isPartOf\":{\"@id\":\"https:\/\/multihuman.com.br\/site\/#website\"},\"primaryImageOfPage\":{\"@id\":\"https:\/\/multihuman.com.br\/site\/blog\/15-de-setembro-dia-do-musicoterapeuta\/#primaryimage\"},\"image\":{\"@id\":\"https:\/\/multihuman.com.br\/site\/blog\/15-de-setembro-dia-do-musicoterapeuta\/#primaryimage\"},\"thumbnailUrl\":\"https:\/\/multihuman.com.br\/site\/wp-content\/uploads\/2016\/09\/dia_musicoterapeuta.jpg\",\"datePublished\":\"2016-09-15T22:09:10+00:00\",\"dateModified\":\"2024-10-18T02:36:39+00:00\",\"author\":{\"@id\":\"https:\/\/multihuman.com.br\/site\/#\/schema\/person\/a0b27a9d63781b738bd2675a9e7e6ab6\"},\"breadcrumb\":{\"@id\":\"https:\/\/multihuman.com.br\/site\/blog\/15-de-setembro-dia-do-musicoterapeuta\/#breadcrumb\"},\"inLanguage\":\"pt-BR\",\"potentialAction\":[{\"@type\":\"ReadAction\",\"target\":[\"https:\/\/multihuman.com.br\/site\/blog\/15-de-setembro-dia-do-musicoterapeuta\/\"]}]},{\"@type\":\"ImageObject\",\"inLanguage\":\"pt-BR\",\"@id\":\"https:\/\/multihuman.com.br\/site\/blog\/15-de-setembro-dia-do-musicoterapeuta\/#primaryimage\",\"url\":\"https:\/\/multihuman.com.br\/site\/wp-content\/uploads\/2016\/09\/dia_musicoterapeuta.jpg\",\"contentUrl\":\"https:\/\/multihuman.com.br\/site\/wp-content\/uploads\/2016\/09\/dia_musicoterapeuta.jpg\",\"width\":600,\"height\":600},{\"@type\":\"BreadcrumbList\",\"@id\":\"https:\/\/multihuman.com.br\/site\/blog\/15-de-setembro-dia-do-musicoterapeuta\/#breadcrumb\",\"itemListElement\":[{\"@type\":\"ListItem\",\"position\":1,\"name\":\"In\u00edcio\",\"item\":\"https:\/\/multihuman.com.br\/site\/\"},{\"@type\":\"ListItem\",\"position\":2,\"name\":\"15 de setembro \u2013 Dia do Musicoterapeuta\"}]},{\"@type\":\"WebSite\",\"@id\":\"https:\/\/multihuman.com.br\/site\/#website\",\"url\":\"https:\/\/multihuman.com.br\/site\/\",\"name\":\"MultiHuman EntheoMusic\",\"description\":\"M\u00fasica para transformar consci\u00eancias\",\"potentialAction\":[{\"@type\":\"SearchAction\",\"target\":{\"@type\":\"EntryPoint\",\"urlTemplate\":\"https:\/\/multihuman.com.br\/site\/?s={search_term_string}\"},\"query-input\":{\"@type\":\"PropertyValueSpecification\",\"valueRequired\":true,\"valueName\":\"search_term_string\"}}],\"inLanguage\":\"pt-BR\"},{\"@type\":\"Person\",\"@id\":\"https:\/\/multihuman.com.br\/site\/#\/schema\/person\/a0b27a9d63781b738bd2675a9e7e6ab6\",\"name\":\"fmultihuman\",\"image\":{\"@type\":\"ImageObject\",\"inLanguage\":\"pt-BR\",\"@id\":\"https:\/\/multihuman.com.br\/site\/#\/schema\/person\/image\/\",\"url\":\"https:\/\/secure.gravatar.com\/avatar\/b2a2350bba1cd829cb5571da25b57f2b4ab06f271350430bc4aaa7079d09d2ed?s=96&d=mm&r=g\",\"contentUrl\":\"https:\/\/secure.gravatar.com\/avatar\/b2a2350bba1cd829cb5571da25b57f2b4ab06f271350430bc4aaa7079d09d2ed?s=96&d=mm&r=g\",\"caption\":\"fmultihuman\"},\"sameAs\":[\"https:\/\/multihuman.com.br\"],\"url\":\"https:\/\/multihuman.com.br\/site\/blog\/author\/fmultihuman\/\"}]}<\/script>\n<!-- \/ Yoast SEO plugin. -->","yoast_head_json":{"title":"15 de setembro \u2013 Dia do Musicoterapeuta - MultiHuman EntheoMusic","robots":{"index":"index","follow":"follow","max-snippet":"max-snippet:-1","max-image-preview":"max-image-preview:large","max-video-preview":"max-video-preview:-1"},"canonical":"https:\/\/multihuman.com.br\/site\/blog\/15-de-setembro-dia-do-musicoterapeuta\/","og_locale":"pt_BR","og_type":"article","og_title":"15 de setembro \u2013 Dia do Musicoterapeuta - MultiHuman EntheoMusic","og_description":"O profissional que usa a m\u00fasica como terapia! Em abril de 1991, Luiz Ant\u00f4nio Fleury Filho, ent\u00e3o governador de S\u00e3o Paulo, decretou a data de 15 de setembro como o Dia do Musicoterapeuta. Logo a comemora\u00e7\u00e3o foi estendida para o resto do pa\u00eds. A defini\u00e7\u00e3o cl\u00e1ssica diz que Musicoterapia \u00e9 a utiliza\u00e7\u00e3o da m\u00fasica e\/ou [&hellip;]","og_url":"https:\/\/multihuman.com.br\/site\/blog\/15-de-setembro-dia-do-musicoterapeuta\/","og_site_name":"MultiHuman EntheoMusic","article_publisher":"https:\/\/www.facebook.com\/MultiHumanEntheoMusic","article_published_time":"2016-09-15T22:09:10+00:00","article_modified_time":"2024-10-18T02:36:39+00:00","og_image":[{"width":600,"height":600,"url":"https:\/\/multihuman.com.br\/site\/wp-content\/uploads\/2016\/09\/dia_musicoterapeuta.jpg","type":"image\/jpeg"}],"author":"fmultihuman","twitter_card":"summary_large_image","twitter_creator":"@TMWebRadio","twitter_site":"@TMWebRadio","twitter_misc":{"Escrito por":"fmultihuman","Est. tempo de leitura":"3 minutos"},"schema":{"@context":"https:\/\/schema.org","@graph":[{"@type":"WebPage","@id":"https:\/\/multihuman.com.br\/site\/blog\/15-de-setembro-dia-do-musicoterapeuta\/","url":"https:\/\/multihuman.com.br\/site\/blog\/15-de-setembro-dia-do-musicoterapeuta\/","name":"15 de setembro \u2013 Dia do Musicoterapeuta - MultiHuman EntheoMusic","isPartOf":{"@id":"https:\/\/multihuman.com.br\/site\/#website"},"primaryImageOfPage":{"@id":"https:\/\/multihuman.com.br\/site\/blog\/15-de-setembro-dia-do-musicoterapeuta\/#primaryimage"},"image":{"@id":"https:\/\/multihuman.com.br\/site\/blog\/15-de-setembro-dia-do-musicoterapeuta\/#primaryimage"},"thumbnailUrl":"https:\/\/multihuman.com.br\/site\/wp-content\/uploads\/2016\/09\/dia_musicoterapeuta.jpg","datePublished":"2016-09-15T22:09:10+00:00","dateModified":"2024-10-18T02:36:39+00:00","author":{"@id":"https:\/\/multihuman.com.br\/site\/#\/schema\/person\/a0b27a9d63781b738bd2675a9e7e6ab6"},"breadcrumb":{"@id":"https:\/\/multihuman.com.br\/site\/blog\/15-de-setembro-dia-do-musicoterapeuta\/#breadcrumb"},"inLanguage":"pt-BR","potentialAction":[{"@type":"ReadAction","target":["https:\/\/multihuman.com.br\/site\/blog\/15-de-setembro-dia-do-musicoterapeuta\/"]}]},{"@type":"ImageObject","inLanguage":"pt-BR","@id":"https:\/\/multihuman.com.br\/site\/blog\/15-de-setembro-dia-do-musicoterapeuta\/#primaryimage","url":"https:\/\/multihuman.com.br\/site\/wp-content\/uploads\/2016\/09\/dia_musicoterapeuta.jpg","contentUrl":"https:\/\/multihuman.com.br\/site\/wp-content\/uploads\/2016\/09\/dia_musicoterapeuta.jpg","width":600,"height":600},{"@type":"BreadcrumbList","@id":"https:\/\/multihuman.com.br\/site\/blog\/15-de-setembro-dia-do-musicoterapeuta\/#breadcrumb","itemListElement":[{"@type":"ListItem","position":1,"name":"In\u00edcio","item":"https:\/\/multihuman.com.br\/site\/"},{"@type":"ListItem","position":2,"name":"15 de setembro \u2013 Dia do Musicoterapeuta"}]},{"@type":"WebSite","@id":"https:\/\/multihuman.com.br\/site\/#website","url":"https:\/\/multihuman.com.br\/site\/","name":"MultiHuman EntheoMusic","description":"M\u00fasica para transformar consci\u00eancias","potentialAction":[{"@type":"SearchAction","target":{"@type":"EntryPoint","urlTemplate":"https:\/\/multihuman.com.br\/site\/?s={search_term_string}"},"query-input":{"@type":"PropertyValueSpecification","valueRequired":true,"valueName":"search_term_string"}}],"inLanguage":"pt-BR"},{"@type":"Person","@id":"https:\/\/multihuman.com.br\/site\/#\/schema\/person\/a0b27a9d63781b738bd2675a9e7e6ab6","name":"fmultihuman","image":{"@type":"ImageObject","inLanguage":"pt-BR","@id":"https:\/\/multihuman.com.br\/site\/#\/schema\/person\/image\/","url":"https:\/\/secure.gravatar.com\/avatar\/b2a2350bba1cd829cb5571da25b57f2b4ab06f271350430bc4aaa7079d09d2ed?s=96&d=mm&r=g","contentUrl":"https:\/\/secure.gravatar.com\/avatar\/b2a2350bba1cd829cb5571da25b57f2b4ab06f271350430bc4aaa7079d09d2ed?s=96&d=mm&r=g","caption":"fmultihuman"},"sameAs":["https:\/\/multihuman.com.br"],"url":"https:\/\/multihuman.com.br\/site\/blog\/author\/fmultihuman\/"}]}},"_links":{"self":[{"href":"https:\/\/multihuman.com.br\/site\/wp-json\/wp\/v2\/posts\/4421","targetHints":{"allow":["GET"]}}],"collection":[{"href":"https:\/\/multihuman.com.br\/site\/wp-json\/wp\/v2\/posts"}],"about":[{"href":"https:\/\/multihuman.com.br\/site\/wp-json\/wp\/v2\/types\/post"}],"author":[{"embeddable":true,"href":"https:\/\/multihuman.com.br\/site\/wp-json\/wp\/v2\/users\/2"}],"replies":[{"embeddable":true,"href":"https:\/\/multihuman.com.br\/site\/wp-json\/wp\/v2\/comments?post=4421"}],"version-history":[{"count":3,"href":"https:\/\/multihuman.com.br\/site\/wp-json\/wp\/v2\/posts\/4421\/revisions"}],"predecessor-version":[{"id":5824,"href":"https:\/\/multihuman.com.br\/site\/wp-json\/wp\/v2\/posts\/4421\/revisions\/5824"}],"wp:featuredmedia":[{"embeddable":true,"href":"https:\/\/multihuman.com.br\/site\/wp-json\/wp\/v2\/media\/3317"}],"wp:attachment":[{"href":"https:\/\/multihuman.com.br\/site\/wp-json\/wp\/v2\/media?parent=4421"}],"wp:term":[{"taxonomy":"category","embeddable":true,"href":"https:\/\/multihuman.com.br\/site\/wp-json\/wp\/v2\/categories?post=4421"},{"taxonomy":"post_tag","embeddable":true,"href":"https:\/\/multihuman.com.br\/site\/wp-json\/wp\/v2\/tags?post=4421"}],"curies":[{"name":"wp","href":"https:\/\/api.w.org\/{rel}","templated":true}]}}