{"id":3107,"date":"2016-01-13T01:04:49","date_gmt":"2016-01-13T03:04:49","guid":{"rendered":"http:\/\/radio.multiman.com.br\/web\/?p=3107"},"modified":"2024-10-17T23:36:41","modified_gmt":"2024-10-18T02:36:41","slug":"festivais-no-brasil-em-2016","status":"publish","type":"post","link":"https:\/\/multihuman.com.br\/site\/blog\/festivais-no-brasil-em-2016\/","title":{"rendered":"Festivais no Brasil em 2016"},"content":{"rendered":"\n<h4 class=\"wp-block-heading\">2016 comemoramos os 26 anos de Trance no Brasil e aqui est\u00e1 uma Lista dos Principais Festivais que acontecer\u00e3o esse ano!<\/h4>\n\n\n<h3>Janeiro<\/h3>\n<p class=\"rtecenter\">\u00a0<\/p>\n<p class=\"rtecenter\"><img fetchpriority=\"high\" decoding=\"async\" src=\"http:\/\/psicodelia.org\/sites\/default\/files\/12112239_10156355429775413_1859049246234257813_n.jpg\" alt=\"\" width=\"650\" height=\"248\" \/><\/p>\n<p><strong>Loud Frequency<\/strong><\/p>\n<ul>\n<li>Quando? 16\u00a0de janeiro<\/li>\n<li>Onde? S\u00e3o Jos\u00e9 do Rio Preto \/ SP<\/li>\n<li>Mais informa\u00e7\u00f5es:\u00a0<a href=\"https:\/\/www.facebook.com\/events\/867012593406152\/\">Facebook<\/a><\/li>\n<\/ul>\n<p>\u00a0<\/p>\n<p class=\"rtecenter\"><a href=\"https:\/\/www.facebook.com\/profile.php?id=100008765685423&amp;fref=ts\"><img decoding=\"async\" data-src=\"http:\/\/psicodelia.org\/sites\/default\/files\/1455001_1509493339352841_1275037377375415446_n.jpg\" alt=\"\" width=\"650\" height=\"240\" src=\"data:image\/svg+xml;base64,PHN2ZyB3aWR0aD0iMSIgaGVpZ2h0PSIxIiB4bWxucz0iaHR0cDovL3d3dy53My5vcmcvMjAwMC9zdmciPjwvc3ZnPg==\" class=\"lazyload\" style=\"--smush-placeholder-width: 650px; --smush-placeholder-aspect-ratio: 650\/240;\" \/><\/a><\/p>\n<p><strong>Transcend\u00eancia Velho Oeste<\/strong><\/p>\n<ul>\n<li>Quando? 23 de janeiro<\/li>\n<li>Onde? Cascavel, Paran\u00e1<\/li>\n<li>Mais informa\u00e7\u00f5es:\u00a0<a href=\"https:\/\/www.facebook.com\/profile.php?id=100008765685423&amp;fref=ts\">Facebook<\/a><\/li>\n<\/ul>\n<p>\u00a0<\/p>\n<p class=\"rtecenter\"><a href=\"https:\/\/www.facebook.com\/events\/104872933212477\/\"><img decoding=\"async\" data-src=\"http:\/\/psicodelia.org\/sites\/default\/files\/12227648_1015637168489126_3857761056666023613_n.png\" alt=\"\" width=\"650\" height=\"241\" src=\"data:image\/svg+xml;base64,PHN2ZyB3aWR0aD0iMSIgaGVpZ2h0PSIxIiB4bWxucz0iaHR0cDovL3d3dy53My5vcmcvMjAwMC9zdmciPjwvc3ZnPg==\" class=\"lazyload\" style=\"--smush-placeholder-width: 650px; --smush-placeholder-aspect-ratio: 650\/241;\" \/><\/a><\/p>\n<p><strong>Kaballah Summer\u00a0Edition<\/strong><\/p>\n<p>Diversas vertentes da m\u00fasica eletr\u00f4nica reunidas em uma s\u00f3 festa marcam essa edi\u00e7\u00e3o de ver\u00e3o da Kaballah. A festa que por sua vez costuma realizar v\u00e1rias edi\u00e7\u00f5es ao ano ainda n\u00e3o confirmou outras datas. Capital Monkey e Major7 se destacam no line up.<\/p>\n<ul>\n<li>Quando? 23 de janeiro<\/li>\n<li>Onde? Florian\u00f3polis, Santa Catarina<\/li>\n<li>Ingressos variam de R\u00a860,00 \u00e0 R$120,00<\/li>\n<li>Mais informa\u00e7\u00f5es: <a href=\"https:\/\/www.facebook.com\/events\/104872933212477\/\">Facebook<\/a><\/li>\n<\/ul>\n<p>\u00a0<\/p>\n<p class=\"rtecenter\"><img decoding=\"async\" data-src=\"http:\/\/psicodelia.org\/sites\/default\/files\/12308604_855389177912909_2951791581071860696_n.jpg\" alt=\"\" width=\"650\" height=\"240\" src=\"data:image\/svg+xml;base64,PHN2ZyB3aWR0aD0iMSIgaGVpZ2h0PSIxIiB4bWxucz0iaHR0cDovL3d3dy53My5vcmcvMjAwMC9zdmciPjwvc3ZnPg==\" class=\"lazyload\" style=\"--smush-placeholder-width: 650px; --smush-placeholder-aspect-ratio: 650\/240;\" \/><\/p>\n<p><strong>Luau Festival<\/strong><\/p>\n<p>Depois de 10 anos de Luau, a Cachoeira do Dioney tr\u00e1s a 11\u00aa edi\u00e7\u00e3o com um festival de 3 dias. Bandas de rock e reggae, ac\u00fasticos e grandes DJS de todo Brasil, ser\u00e3o apenas uma parte do evento.<\/p>\n<ul>\n<li>Quando? 29 a 31 de Janeiro<\/li>\n<li>Onde?\u00a0Cachoeira do Dioney &#8211; Rio Claro\/ES<\/li>\n<li>Mais informa\u00e7\u00f5es: <a href=\"https:\/\/www.facebook.com\/events\/1038665086166546\/\">Facebook<\/a><\/li>\n<\/ul>\n<p>\u00a0<\/p>\n<h3>Fevereiro<\/h3>\n<p class=\"rtecenter\">\u00a0<\/p>\n<p class=\"rtecenter\"><a href=\"https:\/\/www.facebook.com\/events\/1696189527271336\/\"><img decoding=\"async\" data-src=\"http:\/\/psicodelia.org\/sites\/default\/files\/12033127_498709740302772_5960378263104364284_n.png\" alt=\"\" width=\"650\" height=\"246\" src=\"data:image\/svg+xml;base64,PHN2ZyB3aWR0aD0iMSIgaGVpZ2h0PSIxIiB4bWxucz0iaHR0cDovL3d3dy53My5vcmcvMjAwMC9zdmciPjwvc3ZnPg==\" class=\"lazyload\" style=\"--smush-placeholder-width: 650px; --smush-placeholder-aspect-ratio: 650\/246;\" \/><\/a><\/p>\n<p><strong>Zuvuya Festival<\/strong><\/p>\n<p>Ap\u00f3s uma pausa de 2 anos o Zuvuya comemora sua 4\u00ba edi\u00e7\u00e3o em um dos locais mais encantadores do Brasil e promete 6 dias de uma celebra\u00e7\u00e3o \u00e9pica com mais de 100 horas de som Trance underground al\u00e9m de uma explos\u00e3o de arte, cultura, espiritualidade e intera\u00e7\u00e3o humana.<\/p>\n<ul>\n<li>Quando? 5 de fevereiro &#8211; 10 de fevereiro<\/li>\n<li>Onde? Luzi\u00e2nia, Goi\u00e1s.<\/li>\n<li>Ingressos j\u00e1 est\u00e3o no 3\u00ba lote custando R$340,00, clique aqui para comprar (<a title=\"http:\/\/zuvuyafestival.com\/ingressos\/\" href=\"http:\/\/zuvuyafestival.com\/ingressos\/\">http:\/\/zuvuyafestival.com\/ingressos\/<\/a>)<\/li>\n<li>Mais informa\u00e7\u00f5es: <a href=\"http:\/\/www.zuvuyafestival.com\">Site<\/a> e <a href=\"https:\/\/www.facebook.com\/events\/1696189527271336\/\">Facebook<\/a><\/li>\n<\/ul>\n<p>\u00a0<\/p>\n<p class=\"rtecenter\"><a href=\"https:\/\/www.facebook.com\/events\/472496536271215\/\"><img decoding=\"async\" data-src=\"http:\/\/psicodelia.org\/sites\/default\/files\/12241389_931459063595634_5970247630029679966_n.jpg\" alt=\"\" width=\"650\" height=\"240\" src=\"data:image\/svg+xml;base64,PHN2ZyB3aWR0aD0iMSIgaGVpZ2h0PSIxIiB4bWxucz0iaHR0cDovL3d3dy53My5vcmcvMjAwMC9zdmciPjwvc3ZnPg==\" class=\"lazyload\" style=\"--smush-placeholder-width: 650px; --smush-placeholder-aspect-ratio: 650\/240;\" \/><\/a><\/p>\n<p><strong>Lost Paradise<\/strong><\/p>\n<ul>\n<li>Quando? 5 a 9\u00a0de fevereiro<\/li>\n<li>Onde? Rio Claro\/ES<\/li>\n<li>Mais informa\u00e7\u00f5es: <a href=\"https:\/\/www.facebook.com\/events\/472496536271215\/\">Facebook<\/a><\/li>\n<\/ul>\n<p>\u00a0<\/p>\n<p class=\"rtecenter\"><img decoding=\"async\" data-src=\"http:\/\/psicodelia.org\/sites\/default\/files\/12376043_944966855592697_1427426933385710066_n.jpg\" alt=\"\" width=\"650\" height=\"239\" src=\"data:image\/svg+xml;base64,PHN2ZyB3aWR0aD0iMSIgaGVpZ2h0PSIxIiB4bWxucz0iaHR0cDovL3d3dy53My5vcmcvMjAwMC9zdmciPjwvc3ZnPg==\" class=\"lazyload\" style=\"--smush-placeholder-width: 650px; --smush-placeholder-aspect-ratio: 650\/239;\" \/><\/p>\n<p><strong>Psicod\u00e1lia<\/strong><\/p>\n<p>Se voc\u00ea curte outros sons e n\u00e3o s\u00f3 o eletr\u00f4nico mas mesmo assim quer aproveitar um festival de cultura alternativa o Psicod\u00e1lia \u00e9 uma \u00f3tima op\u00e7\u00e3o. O Festival traz nessa edi\u00e7\u00e3o grandes nomes da m\u00fasica brasileira como Elza Soares e Na\u00e7\u00e3o Zumbi, al\u00e9m das tradicionais oficinas, camping, recrea\u00e7\u00e3o infantil, teatro e muita m\u00fasica.<\/p>\n<ul>\n<li>Quando? 5 de fevereiro &#8211; 10 de fevereiro<\/li>\n<li>Onde? Rio Negrinho, Santa Catarina.<\/li>\n<li>Ingressos variam de R$390,00 \u00e0 R$420,00, clique aqui para comprar. (<a title=\"http:\/\/psicodalia.mus.br\/2016\/passaportes\/\" href=\"http:\/\/psicodalia.mus.br\/2016\/passaportes\/\">http:\/\/psicodalia.mus.br\/2016\/passaportes\/<\/a>)<\/li>\n<li>Mais informa\u00e7\u00f5es: <a href=\"http:\/\/www.psicodalia.mus.br\">Site<\/a> e <a href=\"https:\/\/www.facebook.com\/events\/1039378612771046\/\">Facebook<\/a><\/li>\n<\/ul>\n<p>\u00a0<\/p>\n<p class=\"rtecenter\"><img decoding=\"async\" data-src=\"http:\/\/psicodelia.org\/sites\/default\/files\/11222185_1083456618351097_543681020075529825_n.png\" alt=\"\" width=\"650\" height=\"245\" src=\"data:image\/svg+xml;base64,PHN2ZyB3aWR0aD0iMSIgaGVpZ2h0PSIxIiB4bWxucz0iaHR0cDovL3d3dy53My5vcmcvMjAwMC9zdmciPjwvc3ZnPg==\" class=\"lazyload\" style=\"--smush-placeholder-width: 650px; --smush-placeholder-aspect-ratio: 650\/245;\" \/><\/p>\n<p><strong>Soulvision<\/strong><\/p>\n<p>O festival multicultural Soulvision acontece tradicionalmente no carnaval e busca trazer grandes nomes nacionais e internacionais, esse ano os destaques s\u00e3o o Burn in Noise, Capital Monkey e Altruism.<\/p>\n<ul>\n<li>Onde? 5 de fevereiro \u2013 10 de fevereiro<\/li>\n<li>Quando? Altin\u00f3polis \u2013 S\u00e3o Paulo<\/li>\n<li>Ingressos est\u00e3o no 2\u00ba lote custando R$370,00, clique aqui para comprar (<a title=\"http:\/\/www.soulvision.com.br\/ingressos\/\" href=\"http:\/\/www.soulvision.com.br\/ingressos\/\">http:\/\/www.soulvision.com.br\/ingressos\/<\/a>)<\/li>\n<li>Mais informa\u00e7\u00f5es: <a href=\"http:\/\/www.soulvision.com.br\">Site<\/a> e <a href=\"https:\/\/www.facebook.com\/festivalsoulvision\/\">Facebook<\/a><\/li>\n<\/ul>\n<p>\u00a0<\/p>\n<p class=\"rtecenter\"><img decoding=\"async\" data-src=\"http:\/\/psicodelia.org\/sites\/default\/files\/11951782_868072806614149_3132994894392896192_n.jpg\" alt=\"\" width=\"650\" height=\"240\" src=\"data:image\/svg+xml;base64,PHN2ZyB3aWR0aD0iMSIgaGVpZ2h0PSIxIiB4bWxucz0iaHR0cDovL3d3dy53My5vcmcvMjAwMC9zdmciPjwvc3ZnPg==\" class=\"lazyload\" style=\"--smush-placeholder-width: 650px; --smush-placeholder-aspect-ratio: 650\/240;\" \/><\/p>\n<p><strong>Yakekan &#8211; O som do c\u00e9u<\/strong><\/p>\n<p>Depois de um ano em intervalo para evolu\u00e7\u00e3o de seus organizadores Yakekan vem com uma nova ideia, um novo conjunto e mais experi\u00eancia. Com um projeto voltado para Gaia (a m\u00e3e Terra) e o lado mais forte do xamanismo, Yakekan traz como proposta unir todos as formas de vida em perfeita harmonia por algumas horas atrav\u00e9s da m\u00fasica, companheirismo, uni\u00e3o e amor.<\/p>\n<ul>\n<li>Quando: 13 de fevereiro \u2013 14 de fevereiro<\/li>\n<li>Onde? Serra Ga\u00facha<\/li>\n<li>Ingressos variam de R$45,00 \u00e0 R$70,00.<\/li>\n<li>Mais informa\u00e7\u00f5es: <a href=\"https:\/\/www.facebook.com\/events\/119500558398675\/\">Facebook<\/a><\/li>\n<\/ul>\n<p>\u00a0<\/p>\n<p class=\"rtecenter\"><img decoding=\"async\" data-src=\"http:\/\/psicodelia.org\/sites\/default\/files\/11403082_824205927655153_8162521546363971806_n.jpg\" alt=\"\" width=\"650\" height=\"240\" src=\"data:image\/svg+xml;base64,PHN2ZyB3aWR0aD0iMSIgaGVpZ2h0PSIxIiB4bWxucz0iaHR0cDovL3d3dy53My5vcmcvMjAwMC9zdmciPjwvc3ZnPg==\" class=\"lazyload\" style=\"--smush-placeholder-width: 650px; --smush-placeholder-aspect-ratio: 650\/240;\" \/><\/p>\n<p><strong>Kundalini Festival<\/strong><\/p>\n<p>Kundalini se destaca principalmente pelo local onde vai acontecer: a Terra dos Cannyons. Em comemora\u00e7\u00e3o aos 6 anos de trajet\u00f3ria da Kundalini, nada mais justo do que realizar um festival de 6 dias e proporcionar a todos a oportunidade de se aprofundar em uma experi\u00eancia inesquec\u00edvel em um dos lugares mais belos e paradis\u00edacos, os cannyons brasileiros, o evento oferece uma estrutura completa por\u00e9m sem \u00e1lcool nos bares.<\/p>\n<ul>\n<li>Quando? 23 de fevereiro \u2013 28 de fevereiro<\/li>\n<li>Onde? S\u00e3o Jos\u00e9 dos Ausentes, Rio Grande do Sul.<\/li>\n<li>Ingressos est\u00e3o no 2\u00ba lote custando R$290,0, para comprar clique aqui http:\/\/www.kundalinifestival.com.br\/#!ingressos\/c1oxs<\/li>\n<li>Maiores informa\u00e7\u00f5es: <a href=\"http:\/\/www.kundalinifestival.com.br\">Site<\/a> e <a href=\"https:\/\/www.facebook.com\/kundalini.trance\">Facebook<\/a><\/li>\n<\/ul>\n<p>\u00a0<\/p>\n<p class=\"rtecenter\"><img decoding=\"async\" data-src=\"http:\/\/psicodelia.org\/sites\/default\/files\/12311263_1015770088443538_8303313934675601141_n.jpg\" alt=\"\" width=\"650\" height=\"245\" src=\"data:image\/svg+xml;base64,PHN2ZyB3aWR0aD0iMSIgaGVpZ2h0PSIxIiB4bWxucz0iaHR0cDovL3d3dy53My5vcmcvMjAwMC9zdmciPjwvc3ZnPg==\" class=\"lazyload\" style=\"--smush-placeholder-width: 650px; --smush-placeholder-aspect-ratio: 650\/245;\" \/><\/p>\n<p><strong>Shiva Trance<\/strong><\/p>\n<p>Edi\u00e7\u00e3o limitada a 600 ingressos do Shiva Trance promete um evento com arte, muita m\u00fasica entre amigos. O Line Up ainda n\u00e3o saiu por isso fique ligado na p\u00e1gina do evento.<\/p>\n<ul>\n<li>Quando? 27 de fevereiro \u2013 28 de fevereiro<\/li>\n<li>Onde? Rodovia Anhanguera, Km 21, S\u00e3o Paulo.<\/li>\n<li>Ingressos est\u00e3o custando R$40,00.<\/li>\n<\/ul>\n<p>Mais informa\u00e7\u00f5es: <a href=\"https:\/\/www.facebook.com\/events\/1500406566927273\/\">Facebook<\/a><\/p>\n<p>\u00a0<\/p>\n<h3>Mar\u00e7o<\/h3>\n<p class=\"rtecenter\">\u00a0<\/p>\n<p class=\"rtecenter\"><img decoding=\"async\" data-src=\"http:\/\/psicodelia.org\/sites\/default\/files\/12342669_567379530080062_6220600890596768946_n.jpg\" alt=\"\" width=\"650\" height=\"246\" src=\"data:image\/svg+xml;base64,PHN2ZyB3aWR0aD0iMSIgaGVpZ2h0PSIxIiB4bWxucz0iaHR0cDovL3d3dy53My5vcmcvMjAwMC9zdmciPjwvc3ZnPg==\" class=\"lazyload\" style=\"--smush-placeholder-width: 650px; --smush-placeholder-aspect-ratio: 650\/246;\" \/><\/p>\n<p><strong>Ozora \u2013 One Day in Brazil<\/strong><\/p>\n<p>Para os amantes da Psicodelia o Ozora Festival, um dos maiores, mais tradicionais e respeitados festivais de arte, cultura e trance alternativa do mundo desembarcar\u00e1 no Brasil para a sua primeira edi\u00e7\u00e3o, Burn in Noise e Justin Chaos j\u00e1 est\u00e3o confirmados no Line Up. Vale destacar que seu lote promocional que est\u00e1 esgotado estava custando apenas R$80,00.<\/p>\n<ul>\n<li>Quando? 5 de mar\u00e7o \u2013 6 de mar\u00e7o<\/li>\n<li>Onde? A confirmar<\/li>\n<li>Mais informa\u00e7\u00f5es: <a href=\"https:\/\/www.facebook.com\/events\/208816996123292\/\">Facebook<\/a><\/li>\n<\/ul>\n<p>\u00a0<\/p>\n<p class=\"rtecenter\"><img decoding=\"async\" data-src=\"http:\/\/psicodelia.org\/sites\/default\/files\/11846540_910431332361313_5932277838631346353_n.jpg\" alt=\"\" width=\"650\" height=\"240\" src=\"data:image\/svg+xml;base64,PHN2ZyB3aWR0aD0iMSIgaGVpZ2h0PSIxIiB4bWxucz0iaHR0cDovL3d3dy53My5vcmcvMjAwMC9zdmciPjwvc3ZnPg==\" class=\"lazyload\" style=\"--smush-placeholder-width: 650px; --smush-placeholder-aspect-ratio: 650\/240;\" \/><\/p>\n<p><strong>Festival Resist\u00eancia Mainfloor<\/strong><\/p>\n<p>O evento com dura\u00e7\u00e3o de 3 dias chega em sua segunda edi\u00e7\u00e3o.<\/p>\n<ul>\n<li>Quando? 11 a 13 de mar\u00e7o<\/li>\n<li>Onde? Uberl\u00e2ndia\/MG<\/li>\n<li>Ingressos a partir de R$ 120,00<\/li>\n<li>Mais informa\u00e7\u00f5es: <a href=\"https:\/\/www.facebook.com\/events\/1155266844489661\/\">Facebook<\/a><\/li>\n<\/ul>\n<p>\u00a0<\/p>\n<p class=\"rtecenter\"><img decoding=\"async\" data-src=\"http:\/\/psicodelia.org\/sites\/default\/files\/12020000_359671494203606_2863293767227103151_n.jpg\" alt=\"\" width=\"650\" height=\"240\" src=\"data:image\/svg+xml;base64,PHN2ZyB3aWR0aD0iMSIgaGVpZ2h0PSIxIiB4bWxucz0iaHR0cDovL3d3dy53My5vcmcvMjAwMC9zdmciPjwvc3ZnPg==\" class=\"lazyload\" style=\"--smush-placeholder-width: 650px; --smush-placeholder-aspect-ratio: 650\/240;\" \/><\/p>\n<p><strong>Organic Festival Trance<\/strong><\/p>\n<ul>\n<li>Quando? 18\u00a0a 20\u00a0de mar\u00e7o<\/li>\n<li>Onde? Os\u00f3rio, Rio Grande do Sul<\/li>\n<li>Ingressos a partir de R$ 50,00<\/li>\n<li>Mais informa\u00e7\u00f5es:\u00a0<a href=\"https:\/\/www.facebook.com\/events\/964580850272871\/\">Facebook<\/a><\/li>\n<\/ul>\n<p>\u00a0<\/p>\n<p class=\"rtecenter\"><img decoding=\"async\" data-src=\"http:\/\/psicodelia.org\/sites\/default\/files\/12240069_1670327276514970_4719654850635143174_n.jpg\" alt=\"\" width=\"650\" height=\"238\" src=\"data:image\/svg+xml;base64,PHN2ZyB3aWR0aD0iMSIgaGVpZ2h0PSIxIiB4bWxucz0iaHR0cDovL3d3dy53My5vcmcvMjAwMC9zdmciPjwvc3ZnPg==\" class=\"lazyload\" style=\"--smush-placeholder-width: 650px; --smush-placeholder-aspect-ratio: 650\/238;\" \/><\/p>\n<p><strong>Circus Music Festival<\/strong><\/p>\n<p>Um grande espet\u00e1culo de atra\u00e7\u00f5es, arte e entretenimento com os principais nomes do offbeat internacional: Neelix, Astrix, Logica, etc.<\/p>\n<ul>\n<li>Quando? 19 de mar\u00e7o<\/li>\n<li>Onde? Cravinhos, S\u00e3o Paulo<\/li>\n<li>Ingressos variam de R$50,00 \u00e0 R$90,00<\/li>\n<li>Mais informa\u00e7\u00f5es: <a href=\"https:\/\/www.facebook.com\/events\/407862162744133\/\">Facebook<\/a><\/li>\n<\/ul>\n<p>\u00a0<\/p>\n<p class=\"rtecenter\"><img decoding=\"async\" data-src=\"http:\/\/psicodelia.org\/sites\/default\/files\/12309803_562343293923334_5170742988598250617_o.jpg\" alt=\"\" width=\"650\" height=\"237\" src=\"data:image\/svg+xml;base64,PHN2ZyB3aWR0aD0iMSIgaGVpZ2h0PSIxIiB4bWxucz0iaHR0cDovL3d3dy53My5vcmcvMjAwMC9zdmciPjwvc3ZnPg==\" class=\"lazyload\" style=\"--smush-placeholder-width: 650px; --smush-placeholder-aspect-ratio: 650\/237;\" \/><\/p>\n<p><strong>Progressive<\/strong><\/p>\n<p>A tradicional festa de Trance e suas vertentes Progressive realiza diversas edi\u00e7\u00f5es durante o ano, a primeira delas acontece em mar\u00e7o. A festa se destaca por reunir em uma festa s\u00f3 diversos nomes de artistas nacionais e internacionais.<\/p>\n<ul>\n<li>Quando? 12 de mar\u00e7o<\/li>\n<li>Onde? Curitiba, Paran\u00e1<\/li>\n<li>Mais informa\u00e7\u00f5es: <a href=\"https:\/\/www.facebook.com\/events\/1500846890221294\/\">Facebook<\/a><\/li>\n<\/ul>\n<p>\u00a0<\/p>\n<p class=\"rtecenter\"><img decoding=\"async\" data-src=\"http:\/\/psicodelia.org\/sites\/default\/files\/12037978_1046066842071673_1669707705086130406_n.jpg\" alt=\"\" width=\"650\" height=\"239\" src=\"data:image\/svg+xml;base64,PHN2ZyB3aWR0aD0iMSIgaGVpZ2h0PSIxIiB4bWxucz0iaHR0cDovL3d3dy53My5vcmcvMjAwMC9zdmciPjwvc3ZnPg==\" class=\"lazyload\" style=\"--smush-placeholder-width: 650px; --smush-placeholder-aspect-ratio: 650\/239;\" \/><\/p>\n<p><strong>Afrodite Festival Cultural<\/strong><\/p>\n<p>O festival Afrodite teve inicio em 2011 com objetivo de dar espa\u00e7o para as mulheres expressarem sua arte, acontece anualmente pr\u00f3ximo ao dia internacional da mulher, dada a import\u00e2ncia da data que marca a luta pela conquista de igualdade.<\/p>\n<ul>\n<li>Quando? 11 de mar\u00e7o \u2013 13 de mar\u00e7o<\/li>\n<li>Onde? Curitiba, Paran\u00e1.<\/li>\n<li>Maiores informa\u00e7\u00f5es: <a href=\"https:\/\/www.facebook.com\/events\/423146681223074\/\">Facebook<\/a><\/li>\n<\/ul>\n<p>\u00a0<\/p>\n<p class=\"rtecenter\"><img decoding=\"async\" data-src=\"http:\/\/psicodelia.org\/sites\/default\/files\/12342317_943099405760609_6466830412847407367_n.jpg\" alt=\"\" width=\"650\" height=\"241\" src=\"data:image\/svg+xml;base64,PHN2ZyB3aWR0aD0iMSIgaGVpZ2h0PSIxIiB4bWxucz0iaHR0cDovL3d3dy53My5vcmcvMjAwMC9zdmciPjwvc3ZnPg==\" class=\"lazyload\" style=\"--smush-placeholder-width: 650px; --smush-placeholder-aspect-ratio: 650\/241;\" \/><\/p>\n<p><strong>XXXPerience Porto Alegre<\/strong><\/p>\n<p>Xxxperience, uma das maiores festas de m\u00fasica eletr\u00f4nica do Brasil promete voltar \u00e0s origens e fazer uma Tour pelo Brasil em comemora\u00e7\u00e3o aos seus 20 anos. A primeira edi\u00e7\u00e3o vai ser em Porto Alegre e fique ligado na p\u00e1gina do evento para saber as pr\u00f3ximas datas.<\/p>\n<ul>\n<li>XXXPerience em Porto Alegre: Quando? 19 de mar\u00e7o<\/li>\n<li>Onde? Fazenda Minuzzo<\/li>\n<li>Mais informa\u00e7\u00f5es: <a href=\"http:\/\/www.xxxperience.com.br\">Site<\/a> e <a href=\"https:\/\/www.facebook.com\/events\/1038516129503337\/\">Facebook<\/a><\/li>\n<\/ul>\n<p>\u00a0<\/p>\n<p class=\"rtecenter\"><img decoding=\"async\" data-src=\"http:\/\/psicodelia.org\/sites\/default\/files\/11889664_10201029585139593_5832870820794975310_n.jpg\" alt=\"\" width=\"650\" height=\"234\" src=\"data:image\/svg+xml;base64,PHN2ZyB3aWR0aD0iMSIgaGVpZ2h0PSIxIiB4bWxucz0iaHR0cDovL3d3dy53My5vcmcvMjAwMC9zdmciPjwvc3ZnPg==\" class=\"lazyload\" style=\"--smush-placeholder-width: 650px; --smush-placeholder-aspect-ratio: 650\/234;\" \/><\/p>\n<p><strong>Sonoora<\/strong><\/p>\n<p>A 4\u00ba edi\u00e7\u00e3o do festival traz Vegas, Hi Profile, Berg, Vibe Tribe e Liquid Soul, misturando artistas que fizeram hist\u00f3ria na cena com novos DJs.<\/p>\n<ul>\n<li>Quando? \u00a019 de mar\u00e7o \u2013 20 de mar\u00e7o<\/li>\n<li>Onde? Monte Mor, S\u00e3o Paulo<\/li>\n<li>Mais informa\u00e7\u00f5es: <a href=\"https:\/\/www.facebook.com\/events\/841667322581658\/\">Facebook<\/a><\/li>\n<\/ul>\n<p>\u00a0<\/p>\n<h3>Abril<\/h3>\n<p>\u00a0<\/p>\n<p class=\"rtecenter\"><img decoding=\"async\" data-src=\"http:\/\/psicodelia.org\/sites\/default\/files\/936550_1013210422055388_2865975964353973464_n.png\" alt=\"\" width=\"650\" height=\"245\" src=\"data:image\/svg+xml;base64,PHN2ZyB3aWR0aD0iMSIgaGVpZ2h0PSIxIiB4bWxucz0iaHR0cDovL3d3dy53My5vcmcvMjAwMC9zdmciPjwvc3ZnPg==\" class=\"lazyload\" style=\"--smush-placeholder-width: 650px; --smush-placeholder-aspect-ratio: 650\/245;\" \/><\/p>\n<p><strong>Natureza Digital<\/strong><\/p>\n<p><span style=\"line-height: 1.6em;\">M\u00fasica, arte, dan\u00e7a e muito envolvimento com a natureza \u00e9 o que a Natureza Digital promete. Tiroleza, trilhas, cachoeira s\u00e3o destaques al\u00e9m do Line Up com nomes j\u00e1 conhecidos da cena. O eevento conta ainda com um palco de Chil Out.<\/span><\/p>\n<ul>\n<li>Quando? 1 de abril \u2013 3 de abril<\/li>\n<li>Onde? Rio Negrinho, Santa Catarina<\/li>\n<li>Ingressos variam de R$100,00 \u00e0 R$220,00, clique aqui para comprar (http:\/\/www.goaticket.com\/#!natureza-digital\/cjg9)<\/li>\n<li><span style=\"line-height: 1.6em;\">Mais Informa\u00e7\u00f5es: <\/span><a style=\"line-height: 1.6em;\" href=\"https:\/\/www.facebook.com\/events\/414528142075566\/\">Facebook<\/a><\/li>\n<\/ul>\n<p>\u00a0<\/p>\n<p class=\"rtecenter\"><img decoding=\"async\" data-src=\"http:\/\/psicodelia.org\/sites\/default\/files\/12341380_10156517071625413_2512132177608370549_n.jpg\" alt=\"\" width=\"650\" height=\"246\" src=\"data:image\/svg+xml;base64,PHN2ZyB3aWR0aD0iMSIgaGVpZ2h0PSIxIiB4bWxucz0iaHR0cDovL3d3dy53My5vcmcvMjAwMC9zdmciPjwvc3ZnPg==\" class=\"lazyload\" style=\"--smush-placeholder-width: 650px; --smush-placeholder-aspect-ratio: 650\/246;\" \/><\/p>\n<p><strong>Alien Trip<\/strong><\/p>\n<p>A Alien Trip celebra seus 12 anos com uma edi\u00e7\u00e3o especial trazendo nomes como talamaska e Skazi.<\/p>\n<ul>\n<li>Quando? 9 de abril<\/li>\n<li>Onde? S\u00e3o Jos\u00e9 do Rio Preto, S\u00e3o Paulo<\/li>\n<li>Mais Informa\u00e7\u00f5es: <a href=\"https:\/\/www.facebook.com\/events\/1118293044850671\/\">Facebook<\/a><\/li>\n<\/ul>\n<p>\u00a0<\/p>\n<p class=\"rtecenter\"><img decoding=\"async\" data-src=\"http:\/\/psicodelia.org\/sites\/default\/files\/cyclus.jpg\" alt=\"\" width=\"650\" height=\"308\" src=\"data:image\/svg+xml;base64,PHN2ZyB3aWR0aD0iMSIgaGVpZ2h0PSIxIiB4bWxucz0iaHR0cDovL3d3dy53My5vcmcvMjAwMC9zdmciPjwvc3ZnPg==\" class=\"lazyload\" style=\"--smush-placeholder-width: 650px; --smush-placeholder-aspect-ratio: 650\/308;\" \/><\/p>\n<p><strong>Cyclus Festival<\/strong><\/p>\n<p>A Cyclus Festival comemora nessa edi\u00e7\u00e3o uma d\u00e9cada de hist\u00f3ria com um line up recheado de trance psicod\u00e9lico, alguns nomes s\u00e3o: Zen Mechanicsz, Lyktum, Daydin e Mandragora.<\/p>\n<ul>\n<li>Quando? 9 de abril \u2013 10 de abril<\/li>\n<li>Onde? Porto Alegre, Rio grande do Sul<\/li>\n<li>Mais informa\u00e7\u00f5es: <a href=\"https:\/\/www.facebook.com\/events\/194836710851180\/\">Facebook<\/a><\/li>\n<\/ul>\n<p>\u00a0<\/p>\n<p class=\"rtecenter\"><img decoding=\"async\" data-src=\"http:\/\/psicodelia.org\/sites\/default\/files\/10419537_989414194434042_5212807924098948124_n.jpg\" alt=\"\" width=\"650\" height=\"238\" src=\"data:image\/svg+xml;base64,PHN2ZyB3aWR0aD0iMSIgaGVpZ2h0PSIxIiB4bWxucz0iaHR0cDovL3d3dy53My5vcmcvMjAwMC9zdmciPjwvc3ZnPg==\" class=\"lazyload\" style=\"--smush-placeholder-width: 650px; --smush-placeholder-aspect-ratio: 650\/238;\" \/><\/p>\n<p><strong>1200 Festival<\/strong><\/p>\n<p>1200 Festival est\u00e1 de volta com um line up diversificado, de Fabio Fusco a Tocadisco o evento foca no Offbeat .<\/p>\n<ul>\n<li>Quando? 2 de abril<\/li>\n<li>Onde? Riacho Grande, S\u00e3o Paulo<\/li>\n<li>Ingressos variam de R$60,00 \u00e0 R$130,00, clique aqui para comprar <a title=\"https:\/\/goo.gl\/nDbuen\" href=\"https:\/\/goo.gl\/nDbuen\">https:\/\/goo.gl\/nDbuen<\/a><\/li>\n<li>Mais informa\u00e7\u00f5es: <a href=\"https:\/\/www.facebook.com\/events\/874687442616281\/\">Facebook<\/a><\/li>\n<\/ul>\n<p>\u00a0<\/p>\n<p class=\"rtecenter\"><img decoding=\"async\" data-src=\"http:\/\/psicodelia.org\/sites\/default\/files\/11951898_491973927643020_8654677874908379807_n.jpg\" alt=\"\" width=\"650\" height=\"261\" src=\"data:image\/svg+xml;base64,PHN2ZyB3aWR0aD0iMSIgaGVpZ2h0PSIxIiB4bWxucz0iaHR0cDovL3d3dy53My5vcmcvMjAwMC9zdmciPjwvc3ZnPg==\" class=\"lazyload\" style=\"--smush-placeholder-width: 650px; --smush-placeholder-aspect-ratio: 650\/261;\" \/><\/p>\n<p><strong>Mundo de OZ<\/strong><\/p>\n<p>A 9\u00ba edi\u00e7\u00e3o do festival Mundo de OZ \u00a0promete ser um evento que ir\u00e1 compartilhar um intenso amor e uni\u00e3o diante de um local natural que ir\u00e1 despertar os sentimentos mais primitivos que existe dentro de voc\u00ea! O line up ainda n\u00e3o foi divulgado.<\/p>\n<ul>\n<li>Quando? 20 de abril \u2013 24 de abril<\/li>\n<li>Onde? Barra Funda, S\u00e3o Paulo.<\/li>\n<li>Ingressos est\u00e3o custando R$240,00, clique aqui para comprar <a title=\"http:\/\/www.naturaltranse.net\/produto\/fmoz-ingresso\" href=\"http:\/\/www.naturaltranse.net\/produto\/fmoz-ingresso\">http:\/\/www.naturaltranse.net\/produto\/fmoz-ingresso<\/a><\/li>\n<li>Mais informa\u00e7\u00f5es: <a href=\"https:\/\/www.facebook.com\/events\/529559253861126\/\">Facebook<\/a><\/li>\n<\/ul>\n<p class=\"rtecenter\"><img decoding=\"async\" data-src=\"http:\/\/psicodelia.org\/sites\/default\/files\/12347997_1657129994541417_6572539088786339407_n.jpg\" alt=\"\" width=\"650\" height=\"433\" src=\"data:image\/svg+xml;base64,PHN2ZyB3aWR0aD0iMSIgaGVpZ2h0PSIxIiB4bWxucz0iaHR0cDovL3d3dy53My5vcmcvMjAwMC9zdmciPjwvc3ZnPg==\" class=\"lazyload\" style=\"--smush-placeholder-width: 650px; --smush-placeholder-aspect-ratio: 650\/433;\" \/><\/p>\n<p><strong>Festival da Lua Cheia<\/strong><\/p>\n<p>O Festival da Lua Cheia chega \u00e0 quarta edi\u00e7\u00e3o no Espa\u00e7o Beira-mato reunindo todos os elementos dos anteriores e agregando novas perspectivas. Arte na tureza, colaboratividade, viv\u00eancias, comunh\u00e3o, camping, trilha, passeio na cachoeira s\u00e3o o foco do evento.<\/p>\n<ul>\n<li>Quando? 21 de abril \u2013 24 de abril<\/li>\n<li>Onde? Mandirituba, Paran\u00e1.<\/li>\n<li>Ingressos est\u00e3o custando R$60,00.<\/li>\n<li>Mais informa\u00e7\u00f5es: <a href=\"https:\/\/www.facebook.com\/events\/921241801287602\/\">Facebook<\/a><\/li>\n<\/ul>\n<p>\u00a0<\/p>\n<p class=\"rtecenter\"><img decoding=\"async\" data-src=\"http:\/\/psicodelia.org\/sites\/default\/files\/10489792_948500035219475_1812587614111241027_n.jpg\" alt=\"\" width=\"650\" height=\"241\" src=\"data:image\/svg+xml;base64,PHN2ZyB3aWR0aD0iMSIgaGVpZ2h0PSIxIiB4bWxucz0iaHR0cDovL3d3dy53My5vcmcvMjAwMC9zdmciPjwvc3ZnPg==\" class=\"lazyload\" style=\"--smush-placeholder-width: 650px; --smush-placeholder-aspect-ratio: 650\/241;\" \/><\/p>\n<p><strong>Festival Coletivo Aldeia Trance<\/strong><\/p>\n<p>Partindo da ideia da coletividade, o evento ser\u00e1 feito sem fins lucrativos, a ideia \u00e9 levar para todo o publico um fim de semana de aprendizado, workshops, yoga, shiatsu, palestras educativas e muito, muito trance!<\/p>\n<ul>\n<li>Quando? 29 de abril \u2013 1 de maio<\/li>\n<li>Onde? Rio Bonito, Rio de Janeiro<\/li>\n<li>Ingressos variam de R$110,00 \u00e0 R$150,00<\/li>\n<li>Maiores informa\u00e7\u00f5es:\u00a0<a href=\"https:\/\/www.facebook.com\/events\/661701350638436\/\">Facebook<\/a><\/li>\n<\/ul>\n<p>\u00a0<\/p>\n<h3>Maio<\/h3>\n<p>\u00a0<\/p>\n<p class=\"rtecenter\"><img decoding=\"async\" data-src=\"http:\/\/psicodelia.org\/sites\/default\/files\/12341361_946469252090291_6639590909564519200_n.png\" alt=\"\" width=\"650\" height=\"241\" src=\"data:image\/svg+xml;base64,PHN2ZyB3aWR0aD0iMSIgaGVpZ2h0PSIxIiB4bWxucz0iaHR0cDovL3d3dy53My5vcmcvMjAwMC9zdmciPjwvc3ZnPg==\" class=\"lazyload\" style=\"--smush-placeholder-width: 650px; --smush-placeholder-aspect-ratio: 650\/241;\" \/><\/p>\n<p><strong>XXXPerience Curitiba<\/strong><\/p>\n<p>O &#8220;Portal dos Desejos&#8221; est\u00e1 confirmado em Curitiba\/PR em 2016! E com um detalhe que vai fazer toda a diferen\u00e7a: o mesmo palco do #XXX19!\u00a0<\/p>\n<ul>\n<li>Quando? 14 de maio<\/li>\n<li>Onde? Curitiba\/PR<\/li>\n<li>Maiores informa\u00e7\u00f5es:\u00a0<a href=\"https:\/\/www.facebook.com\/events\/159881334367632\/\">Facebook<\/a><\/li>\n<\/ul>\n<p>\u00a0<\/p>\n<p class=\"rtecenter\"><img decoding=\"async\" data-src=\"http:\/\/psicodelia.org\/sites\/default\/files\/12376610_939508389450888_8305349872926442643_n.png\" alt=\"\" width=\"650\" height=\"241\" src=\"data:image\/svg+xml;base64,PHN2ZyB3aWR0aD0iMSIgaGVpZ2h0PSIxIiB4bWxucz0iaHR0cDovL3d3dy53My5vcmcvMjAwMC9zdmciPjwvc3ZnPg==\" class=\"lazyload\" style=\"--smush-placeholder-width: 650px; --smush-placeholder-aspect-ratio: 650\/241;\" \/><\/p>\n<p><strong>Pulsar Festival<\/strong><\/p>\n<p>O festival espelha as mudan\u00e7as no universo atrav\u00e9s do desenvolvimento de uma experi\u00eancia \u00fanica que inclui aprecia\u00e7\u00e3o da natureza, neo-tribalismo, m\u00fasica contempor\u00e2nea, palestras e oficinas culturais e ambientais e inspira\u00e7\u00e3o de diversas formas de arte.<\/p>\n<ul>\n<li>Quando? 25 de maio- 30 de maio<\/li>\n<li>Onde? Itabira, Minas gerais<\/li>\n<li>Os ingressos variam de R$240,00 \u00e0 R$420,00, clique aqui para comprar: <a title=\"http:\/\/www.ticketdigital.com.br\/comprar.php?eve_cod=173\" href=\"http:\/\/www.ticketdigital.com.br\/comprar.php?eve_cod=173\">http:\/\/www.ticketdigital.com.br\/comprar.php?eve_cod=173<\/a><\/li>\n<li>Maiores informa\u00e7\u00f5es: <a href=\"http:\/\/pulsarfestival.art.br\/\">Site<\/a> e <a href=\"https:\/\/www.facebook.com\/events\/1658239674422032\/\">Facebook<\/a><\/li>\n<\/ul>\n<p>\u00a0<\/p>\n<p class=\"rtecenter\"><img decoding=\"async\" data-src=\"http:\/\/psicodelia.org\/sites\/default\/files\/12196020_908879905874403_447204029382896251_n.jpg\" alt=\"\" width=\"650\" height=\"241\" src=\"data:image\/svg+xml;base64,PHN2ZyB3aWR0aD0iMSIgaGVpZ2h0PSIxIiB4bWxucz0iaHR0cDovL3d3dy53My5vcmcvMjAwMC9zdmciPjwvc3ZnPg==\" class=\"lazyload\" style=\"--smush-placeholder-width: 650px; --smush-placeholder-aspect-ratio: 650\/241;\" \/><\/p>\n<p><strong>Respect<\/strong><\/p>\n<p>Passo a passo, RESPECT tornou-se sin\u00f4nimo de supera\u00e7\u00e3o, uma refer\u00eancia, uma afirma\u00e7\u00e3o concreta da nova realidade que est\u00e1 ao nosso alcance. O n\u00facleo do Festival, que criou o primeiro portal dedicado \u00e0 cultura trance do pa\u00eds em 1998, tornou a RESPECT um movimento de vanguarda no Sudeste brasileiro. Desde a primeira edi\u00e7\u00e3o, 10 anos atr\u00e1s, s\u00e3o preservadas as ra\u00edzes e as ess\u00eancias que um festival de m\u00fasica eletr\u00f4nica precisa para criar um ambiente adequado \u00e0s celebra\u00e7\u00f5es, destacando-se: a Sustentabilidade, a Qualidade e o Respeito por parte da Organiza\u00e7\u00e3o, os melhores Produtores e DJs, Interven\u00e7\u00f5es Circenses renomadas, al\u00e9m do Main-floor, Chill-out, Exposi\u00e7\u00f5es, Live-paint, dos ambientes decorados por artistas pl\u00e1sticos experientes, e da intera\u00e7\u00e3o entre as m\u00faltiplas formas de arte.<\/p>\n<ul>\n<li>Quando? 26 de maio<\/li>\n<li>Onde? Ilha Comprida, S\u00e3o Paulo<\/li>\n<li>Mais informa\u00e7\u00f5es: <a href=\"https:\/\/www.facebook.com\/events\/716091211855454\/\">Facebook<\/a><\/li>\n<\/ul>\n<p>\u00a0<\/p>\n<h3>Junho<\/h3>\n<p>\u00a0<\/p>\n<p class=\"rtecenter\"><img decoding=\"async\" data-src=\"http:\/\/psicodelia.org\/sites\/default\/files\/1174779_985747911481981_2569076883172214211_n_0.jpg\" alt=\"\" width=\"650\" height=\"240\" src=\"data:image\/svg+xml;base64,PHN2ZyB3aWR0aD0iMSIgaGVpZ2h0PSIxIiB4bWxucz0iaHR0cDovL3d3dy53My5vcmcvMjAwMC9zdmciPjwvc3ZnPg==\" class=\"lazyload\" style=\"--smush-placeholder-width: 650px; --smush-placeholder-aspect-ratio: 650\/240;\" \/><\/p>\n<p><strong>Tribe<\/strong><\/p>\n<p>A Tribe est\u00e1 de volta com a proposta de juntar todas as vertentes em uma festa s\u00f3. O maior festival de m\u00fasica eletr\u00f4nica independente do Brasil que em sua ultima edi\u00e7\u00e3o reuniu 30mil pessoas.<\/p>\n<ul>\n<li>Quando? 11 de junho<\/li>\n<li>Onde? A confirmar<\/li>\n<li>Ingressos ainda n\u00e3o est\u00e3o dispon\u00edveis<\/li>\n<li>Mais informa\u00e7\u00f5es: <a href=\"https:\/\/www.facebook.com\/tribeoficial\/\">Facebook<\/a>\u00a0<\/li>\n<\/ul>\n<p>\u00a0<\/p>\n<h3>Julho<\/h3>\n<p class=\"rtecenter\">\u00a0<\/p>\n<p class=\"rtecenter\"><img decoding=\"async\" data-src=\"http:\/\/psicodelia.org\/sites\/default\/files\/12373156_886396011474567_7211298278807130037_n.png\" alt=\"\" width=\"650\" height=\"241\" src=\"data:image\/svg+xml;base64,PHN2ZyB3aWR0aD0iMSIgaGVpZ2h0PSIxIiB4bWxucz0iaHR0cDovL3d3dy53My5vcmcvMjAwMC9zdmciPjwvc3ZnPg==\" class=\"lazyload\" style=\"--smush-placeholder-width: 650px; --smush-placeholder-aspect-ratio: 650\/241;\" \/><\/p>\n<p><strong>FAK &#8211; Festival Alternativo do Kranti<\/strong><\/p>\n<p>O tradicional festival alternativo do Kranti completa seus 17 anos de Exist\u00eancia, Persist\u00eancia e Resist\u00eania em 2016. A organiza\u00e7\u00e3o ainda n\u00e3o liberou informa\u00e7\u00f5es por isso fique ligado na p\u00e1gina do evento.<\/p>\n<ul>\n<li>Quando? 15 de julho \u2013 16 de julho<\/li>\n<li>Onde? Paracatu, Minas Gerais<\/li>\n<li>Ingressos ainda n\u00e3o est\u00e3o \u00e0 venda<\/li>\n<li>Mais informa\u00e7\u00f5es: <a href=\"https:\/\/www.facebook.com\/events\/456546041202223\/\">Facebook<\/a><\/li>\n<\/ul>\n<p>\u00a0<\/p>\n<p class=\"rtecenter\"><img decoding=\"async\" data-src=\"http:\/\/psicodelia.org\/sites\/default\/files\/12002294_897080773707322_315156269571000752_n.jpg\" alt=\"\" width=\"650\" height=\"242\" src=\"data:image\/svg+xml;base64,PHN2ZyB3aWR0aD0iMSIgaGVpZ2h0PSIxIiB4bWxucz0iaHR0cDovL3d3dy53My5vcmcvMjAwMC9zdmciPjwvc3ZnPg==\" class=\"lazyload\" style=\"--smush-placeholder-width: 650px; --smush-placeholder-aspect-ratio: 650\/242;\" \/><\/p>\n<p><strong>Floresta Infectada<\/strong><\/p>\n<p>O Projeto Floresta Infectada Festival existe h\u00e1 3 anos com a ideia de reunir os amigos, sem fins lucrativos. O trabalho tomou dimens\u00f5es no primeiro ano mesmo, e contou com um grande time de artistas nacionais.<\/p>\n<ul>\n<li>Quando? 15 de julho \u2013 17 de julho<\/li>\n<li>Onde? Uberl\u00e2ndia, Minas Gerais<\/li>\n<li>Mais informa\u00e7\u00f5es: <a href=\"http:\/\/www.florestainfectada.com.br\">Site<\/a> e <a href=\"https:\/\/www.facebook.com\/Floresta-Infectada-Festival-605843542831048\/\">Facebook<\/a><\/li>\n<\/ul>\n<p>\u00a0<\/p>\n<p class=\"rtecenter\"><img decoding=\"async\" data-src=\"http:\/\/psicodelia.org\/sites\/default\/files\/12400916_642003875938470_8393097425883105341_n.jpg\" alt=\"\" width=\"650\" height=\"240\" src=\"data:image\/svg+xml;base64,PHN2ZyB3aWR0aD0iMSIgaGVpZ2h0PSIxIiB4bWxucz0iaHR0cDovL3d3dy53My5vcmcvMjAwMC9zdmciPjwvc3ZnPg==\" class=\"lazyload\" style=\"--smush-placeholder-width: 650px; --smush-placeholder-aspect-ratio: 650\/240;\" \/><\/p>\n<p><strong>Trance Life<\/strong><\/p>\n<p>Um novo encontro entre o p\u00fablico que curte o trance para que possam dan\u00e7ar livres em conex\u00e3o com o unvierso da psicodelia. O line up ainda n\u00e3o est\u00e1 dispon\u00edvel.<\/p>\n<ul>\n<li>Quando? 2 de julho \u2013 3 de julho<\/li>\n<li>Onde? S\u00e3o Paulo, SP<\/li>\n<li>Ingressos variam de R$40,00 \u00e0 R$90,00<\/li>\n<li>Mais informa\u00e7\u00f5es: <a href=\"https:\/\/www.facebook.com\/events\/1486394964986566\/\">Facebook<\/a><\/li>\n<\/ul>\n<p>\u00a0<\/p>\n<h3>Agosto<\/h3>\n<p>\u00a0<\/p>\n<p class=\"rtecenter\"><img decoding=\"async\" data-src=\"http:\/\/psicodelia.org\/sites\/default\/files\/12376811_548825965273253_8766768930071673657_n.jpg\" alt=\"\" width=\"650\" height=\"240\" src=\"data:image\/svg+xml;base64,PHN2ZyB3aWR0aD0iMSIgaGVpZ2h0PSIxIiB4bWxucz0iaHR0cDovL3d3dy53My5vcmcvMjAwMC9zdmciPjwvc3ZnPg==\" class=\"lazyload\" style=\"--smush-placeholder-width: 650px; --smush-placeholder-aspect-ratio: 650\/240;\" \/><\/p>\n<p>Synthetic Moon\u00a0<\/p>\n<p>Evento promete line up com 36 horas de som.<\/p>\n<ul>\n<li>Quando? 20 a 21 de agosto<\/li>\n<li>Onde? Paran\u00e1<\/li>\n<li>Mais Informa\u00e7\u00f5es: <a href=\"https:\/\/www.facebook.com\/events\/1017469008294138\/\">Facebook<\/a><\/li>\n<\/ul>\n<h3>Setembro<\/h3>\n<p>\u00a0<\/p>\n<p class=\"rtecenter\"><img decoding=\"async\" data-src=\"http:\/\/psicodelia.org\/sites\/default\/files\/deep.png\" alt=\"\" width=\"650\" height=\"284\" src=\"data:image\/svg+xml;base64,PHN2ZyB3aWR0aD0iMSIgaGVpZ2h0PSIxIiB4bWxucz0iaHR0cDovL3d3dy53My5vcmcvMjAwMC9zdmciPjwvc3ZnPg==\" class=\"lazyload\" style=\"--smush-placeholder-width: 650px; --smush-placeholder-aspect-ratio: 650\/284;\" \/><\/p>\n<p><strong>Deep Forest<\/strong><\/p>\n<ul>\n<li>Quando? 10 de Setembro<\/li>\n<li>Onde? Gravata\u00ed, Rio Grande do Sul<\/li>\n<li>Mais Informa\u00e7\u00f5es: <a href=\"https:\/\/www.facebook.com\/events\/923879210982216\/\">Facebook<\/a> e <a href=\"https:\/\/credencial.imasters.com.br\/deep\">Site<\/a><\/li>\n<\/ul>\n<p>\u00a0<\/p>\n<h3>Outubro<\/h3>\n<p class=\"rtecenter\">\u00a0<\/p>\n<p class=\"rtecenter\"><img decoding=\"async\" data-src=\"http:\/\/psicodelia.org\/sites\/default\/files\/12347777_615084445326410_4615213669318318619_n.png\" alt=\"\" width=\"650\" height=\"241\" src=\"data:image\/svg+xml;base64,PHN2ZyB3aWR0aD0iMSIgaGVpZ2h0PSIxIiB4bWxucz0iaHR0cDovL3d3dy53My5vcmcvMjAwMC9zdmciPjwvc3ZnPg==\" class=\"lazyload\" style=\"--smush-placeholder-width: 650px; --smush-placeholder-aspect-ratio: 650\/241;\" \/><\/p>\n<p><strong>Origens Gathering<\/strong><\/p>\n<p>O evento chega \u00e0\u00a0sua 5a edi\u00e7\u00e3o trazendo o interc\u00e2mbio entre m\u00fasica, arte e cura em uma viv\u00eancia inesquec\u00edvel de 5 dias no Rio Grande do Sul. A responsabilidade se fortalece a cada edi\u00e7\u00e3o e a nossa miss\u00e3o \u00e9 estar em constante reciclagem proporcionando um encontro sincr\u00f4nico entre amigos, artistas e desbravadores.<\/p>\n<ul>\n<li>Quando? 12 de outubro \u2013 16 de outubro<\/li>\n<li>Onde? Rio Grande do Sul<\/li>\n<li>Ingressos promocionais custam R$140,00 clique aqui para comprar <a title=\"http:\/\/www.goaticket.com\/\" href=\"http:\/\/www.goaticket.com\/\">http:\/\/www.goaticket.com\/<\/a><\/li>\n<li>Maiores informa\u00e7\u00f5es: <a href=\"http:\/\/www.origensgathering.com.br\">Site<\/a> e <a href=\"https:\/\/www.facebook.com\/origensgathering\">Facebook<\/a><\/li>\n<\/ul>\n<p>\u00a0<\/p>\n<p class=\"rtecenter\"><img decoding=\"async\" data-src=\"http:\/\/psicodelia.org\/sites\/default\/files\/pacha_0.jpg\" alt=\"\" width=\"650\" height=\"252\" src=\"data:image\/svg+xml;base64,PHN2ZyB3aWR0aD0iMSIgaGVpZ2h0PSIxIiB4bWxucz0iaHR0cDovL3d3dy53My5vcmcvMjAwMC9zdmciPjwvc3ZnPg==\" class=\"lazyload\" style=\"--smush-placeholder-width: 650px; --smush-placeholder-aspect-ratio: 650\/252;\" \/><\/p>\n<p><strong>Pachamama<\/strong><\/p>\n<p>A Pachamama Arte e Cultura celebrar\u00e1 sua segunda edi\u00e7\u00e3o este ano com muita novidade,trazendo o que h\u00e1 de melhor do som noturno n\u00e3o s\u00f3 em S\u00e3o Paulo, mas principalmente de outros estados do Brasil.<\/p>\n<ul>\n<li>Quando? 22 de Outubro<\/li>\n<li>Onde? S\u00e3o Paulo<\/li>\n<li>Mais Informa\u00e7\u00f5es: <a href=\"https:\/\/www.facebook.com\/events\/1479918562314520\/\">Facebook<\/a><\/li>\n<\/ul>\n<p>\u00a0<\/p>\n<p class=\"rtecenter\"><img decoding=\"async\" data-src=\"http:\/\/psicodelia.org\/sites\/default\/files\/12524061_557003027808732_4010467048856169506_n.jpg\" alt=\"\" width=\"650\" height=\"340\" src=\"data:image\/svg+xml;base64,PHN2ZyB3aWR0aD0iMSIgaGVpZ2h0PSIxIiB4bWxucz0iaHR0cDovL3d3dy53My5vcmcvMjAwMC9zdmciPjwvc3ZnPg==\" class=\"lazyload\" style=\"--smush-placeholder-width: 650px; --smush-placeholder-aspect-ratio: 650\/340;\" \/><\/p>\n<p><strong>Vibe Trip<\/strong><\/p>\n<ul>\n<li>Quando? 28 a 30 de outubro<\/li>\n<li>Onde? Paran\u00e1<\/li>\n<li>Mais Informa\u00e7\u00f5es: <a href=\"https:\/\/www.facebook.com\/events\/1243541198995525\/\">Facebook<\/a><\/li>\n<\/ul>\n<p>\u00a0<\/p>\n<h3>Novembro<\/h3>\n<p class=\"rtecenter\">\u00a0<\/p>\n<p class=\"rtecenter\"><img decoding=\"async\" data-src=\"http:\/\/psicodelia.org\/sites\/default\/files\/revol.jpg\" alt=\"\" width=\"453\" height=\"212\" src=\"data:image\/svg+xml;base64,PHN2ZyB3aWR0aD0iMSIgaGVpZ2h0PSIxIiB4bWxucz0iaHR0cDovL3d3dy53My5vcmcvMjAwMC9zdmciPjwvc3ZnPg==\" class=\"lazyload\" style=\"--smush-placeholder-width: 453px; --smush-placeholder-aspect-ratio: 453\/212;\" \/><\/p>\n<p><strong>Revolution Festival<\/strong><\/p>\n<p>De volta \u00e0 jornada em 2016, a for\u00e7a da f\u00eanix renova a espinha dorsal do Revolution Festival! Ap\u00f3s nossa embarca\u00e7\u00e3o enfrentar rios caudalosos e longas tempestades, o festival acontecer\u00e1 em um novo feriado: 15 de novembro.<\/p>\n<ul>\n<li>Quando? 12 de novembro \u2013 15 de novembro<\/li>\n<li>Onde? Urubici, Santa Catarina<\/li>\n<li>Ingressos ainda n\u00e3o est\u00e3o dispon\u00edveis<\/li>\n<li>Mais informa\u00e7\u00f5es: <a href=\"https:\/\/www.facebook.com\/events\/718152711648920\/\">Facebook<\/a><\/li>\n<\/ul>\n<p>\u00a0<\/p>\n<p class=\"rtecenter\"><img decoding=\"async\" data-src=\"http:\/\/psicodelia.org\/sites\/default\/files\/orion.jpg\" alt=\"\" width=\"650\" height=\"247\" src=\"data:image\/svg+xml;base64,PHN2ZyB3aWR0aD0iMSIgaGVpZ2h0PSIxIiB4bWxucz0iaHR0cDovL3d3dy53My5vcmcvMjAwMC9zdmciPjwvc3ZnPg==\" class=\"lazyload\" style=\"--smush-placeholder-width: 650px; --smush-placeholder-aspect-ratio: 650\/247;\" \/><\/p>\n<p><strong>Orion Festival \u00a02016 &#8211; O Templo de HATHOR<\/strong><\/p>\n<p>HATHOR: O Amor, a dan\u00e7a, a m\u00fasica e o perfume da vida, estavam associados a ela. No festival em sua homenagem divertiam-se at\u00e9 o anoitecer. Fique ligado na p\u00e1gina do evento para saber as novidades.<\/p>\n<ul>\n<li>Quando? 18 de novembro \u2013 20 de novembro<\/li>\n<li>Onde? Porto Alegre, rio Grande do Sul<\/li>\n<li>Mais informa\u00e7\u00f5es: <a title=\"http:\/\/orionfestival.art.br\/\" href=\"http:\/\/orionfestival.art.br\/\">http:\/\/orionfestival.art.br\/<\/a><\/li>\n<\/ul>\n<p>\u00a0<\/p>\n<h3>Dezembro<\/h3>\n<p>\u00a0<\/p>\n<p class=\"rtecenter\"><img decoding=\"async\" data-src=\"http:\/\/psicodelia.org\/sites\/default\/files\/12417953_944830362272861_9176590790121105591_n.jpg\" alt=\"\" width=\"650\" height=\"234\" src=\"data:image\/svg+xml;base64,PHN2ZyB3aWR0aD0iMSIgaGVpZ2h0PSIxIiB4bWxucz0iaHR0cDovL3d3dy53My5vcmcvMjAwMC9zdmciPjwvc3ZnPg==\" class=\"lazyload\" style=\"--smush-placeholder-width: 650px; --smush-placeholder-aspect-ratio: 650\/234;\" \/><\/p>\n<p><strong>Jacund\u00e1 Trance Festival<\/strong><\/p>\n<ul>\n<li>Quando? 29 de Dezembro a 2 de Janeiro<\/li>\n<li>Onde? Amazonas<\/li>\n<li>Mais Informa\u00e7\u00f5es: <a href=\"https:\/\/www.facebook.com\/events\/1591838607722286\/\">Facebook<\/a><\/li>\n<\/ul>\n<p>\u00a0<\/p>\n<p class=\"rtecenter\"><img decoding=\"async\" data-src=\"http:\/\/psicodelia.org\/sites\/default\/files\/12019829_909026535841926_1631175719748349073_n.png\" alt=\"\" width=\"650\" height=\"241\" src=\"data:image\/svg+xml;base64,PHN2ZyB3aWR0aD0iMSIgaGVpZ2h0PSIxIiB4bWxucz0iaHR0cDovL3d3dy53My5vcmcvMjAwMC9zdmciPjwvc3ZnPg==\" class=\"lazyload\" style=\"--smush-placeholder-width: 650px; --smush-placeholder-aspect-ratio: 650\/241;\" \/><\/p>\n<p><strong>Terra em Transe<\/strong><\/p>\n<p>Terra em Transe Festival \u00e9 uma experi\u00eancia vision\u00e1ria tropical. M\u00fasica eletr\u00f4nica psicoativa \u00e0 beira-mar.<\/p>\n<ul>\n<li>Quando? Reveillon 2016-2017<\/li>\n<li>Onde?\u00a0Praia de Costa Azul &#8211; Janda\u00edra &#8211; Bahia<\/li>\n<li>Mais Informa\u00e7\u00f5es: <a href=\"https:\/\/www.facebook.com\/events\/1620132954912011\/\">Facebook<\/a><\/li>\n<\/ul>\n<p>\u00a0<\/p>\n<h3><span style=\"line-height: 1.6em;\">Ainda sem data definida:<\/span><\/h3>\n<ul>\n<li><a href=\"http:\/\/www.samsarafestival.com.br\/\"><strong>Samsara\u00a0<\/strong><\/a><\/li>\n<li>Anac\u00e3 Ritual<\/li>\n<li><a href=\"https:\/\/www.facebook.com\/TribaltechOfficial\/?fref=ts\"><strong>Tribaltech<\/strong><\/a>: \u00a0tarceira parte da trilogia iniciada em 2014 deve acontecer ainda no segundo semestre desse ano<\/li>\n<li><span style=\"line-height: 1.6em;\">A <a href=\"https:\/\/www.facebook.com\/experimenteavida?_rdr\"><strong>XXXPerience<\/strong><\/a> vai fazer sua tour pelo Brasil e ainda precisa confirmar outras datas.<\/span><\/li>\n<li>A festa <a href=\"https:\/\/www.facebook.com\/progressivefest\/?fref=ts\"><strong>Progressive<\/strong><\/a> costuma realizar diversas edi\u00e7\u00f5es durante o ano e conforme os meses passam a organiza\u00e7\u00e3o marca as datas.<\/li>\n<li>A <a href=\"https:\/\/www.facebook.com\/Kaballah\/?fref=ts\"><strong>Kaballah<\/strong><\/a> costuma realizar diversas edi\u00e7\u00f5es no ano e ainda n\u00e3o tem outras datas programadas<\/li>\n<li><a href=\"https:\/\/www.facebook.com\/perfiltranceinmoon\/\">Trance in Moon<\/a><\/li>\n<li><a href=\"https:\/\/www.facebook.com\/FestivalTerraAzul\/?fref=ts\">Terra Azul<\/a><\/li>\n<li><a href=\"https:\/\/www.facebook.com\/ecotriberecife\/\">Eco Tribe<\/a><\/li>\n<li><a href=\"https:\/\/www.facebook.com\/terraocafestival\/\">Terra Oca<\/a><\/li>\n<li><a href=\"https:\/\/www.facebook.com\/ShambhalaUniverse\/\">The Universe of Shambhala<\/a><\/li>\n<li><a href=\"https:\/\/www.facebook.com\/organicnatal\/\">Organic<\/a><\/li>\n<\/ul>\n\n\n<p><\/p>\n","protected":false},"excerpt":{"rendered":"<p>2016 comemoramos os 26 anos de Trance no Brasil e aqui est\u00e1 uma Lista dos Principais Festivais que acontecer\u00e3o esse ano! Janeiro \u00a0 Loud Frequency Quando? 16\u00a0de janeiro Onde? S\u00e3o Jos\u00e9 do Rio Preto \/ SP Mais informa\u00e7\u00f5es:\u00a0Facebook \u00a0 Transcend\u00eancia Velho Oeste Quando? 23 de janeiro Onde? Cascavel, Paran\u00e1 Mais informa\u00e7\u00f5es:\u00a0Facebook \u00a0 Kaballah Summer\u00a0Edition Diversas [&hellip;]<\/p>\n","protected":false},"author":2,"featured_media":3118,"comment_status":"closed","ping_status":"closed","sticky":false,"template":"","format":"standard","meta":{"footnotes":""},"categories":[84],"tags":[106,109,112,125,134,190,202,238,241,242,243,244,245,246,249,286,287,295,306,307,308,340,346,354,356,359,360,373,374,375,386,387,399,401,408,418,423,442,443,444,445,446,458,459,460,461,462,465],"class_list":["post-3107","post","type-post","status-publish","format-standard","has-post-thumbnail","hentry","category-cultura-trance","tag-1200-festival","tag-109","tag-afrodite-festival-cultural","tag-alien-trip","tag-anaca-ritual","tag-circus-music-festival","tag-cyclus-festival","tag-fak-festival-alternativo-do-kranti","tag-festivais","tag-festival","tag-festival-coletivo-aldeia-trance","tag-festival-da-lua-cheia","tag-festival-resistencia-mainfloor","tag-festival-trance","tag-floresta-infectada","tag-kaballah","tag-kaballah-summer-edition","tag-kundalini-festival","tag-lost-paradise","tag-loud-frequency","tag-luau-festival","tag-mundo-de-oz","tag-natureza-digital","tag-organic-festival-trance","tag-orion-festival","tag-ozora","tag-ozora-one-day-in-brazil","tag-progressive","tag-progtrance","tag-psicodalia","tag-psytrance","tag-pulsar-festival","tag-respect","tag-revolution-festival","tag-samsara","tag-shiva-trance","tag-sonoora","tag-trance","tag-trance-life","tag-transcendencia-velho-oeste","tag-tribaltech","tag-tribe","tag-xxxperience","tag-xxxperience-curitiba","tag-xxxperience-porto-alegre","tag-yakekan","tag-yakekan-o-som-do-ceu","tag-zuvuya-festival"],"yoast_head":"<!-- This site is optimized with the Yoast SEO plugin v26.2 - https:\/\/yoast.com\/wordpress\/plugins\/seo\/ -->\n<title>Festivais no Brasil em 2016 - MultiHuman EntheoMusic<\/title>\n<meta name=\"robots\" content=\"index, follow, max-snippet:-1, max-image-preview:large, max-video-preview:-1\" \/>\n<link rel=\"canonical\" href=\"https:\/\/multihuman.com.br\/site\/blog\/festivais-no-brasil-em-2016\/\" \/>\n<meta property=\"og:locale\" content=\"pt_BR\" \/>\n<meta property=\"og:type\" content=\"article\" \/>\n<meta property=\"og:title\" content=\"Festivais no Brasil em 2016 - MultiHuman EntheoMusic\" \/>\n<meta property=\"og:description\" content=\"2016 comemoramos os 26 anos de Trance no Brasil e aqui est\u00e1 uma Lista dos Principais Festivais que acontecer\u00e3o esse ano! Janeiro \u00a0 Loud Frequency Quando? 16\u00a0de janeiro Onde? S\u00e3o Jos\u00e9 do Rio Preto \/ SP Mais informa\u00e7\u00f5es:\u00a0Facebook \u00a0 Transcend\u00eancia Velho Oeste Quando? 23 de janeiro Onde? Cascavel, Paran\u00e1 Mais informa\u00e7\u00f5es:\u00a0Facebook \u00a0 Kaballah Summer\u00a0Edition Diversas [&hellip;]\" \/>\n<meta property=\"og:url\" content=\"https:\/\/multihuman.com.br\/site\/blog\/festivais-no-brasil-em-2016\/\" \/>\n<meta property=\"og:site_name\" content=\"MultiHuman EntheoMusic\" \/>\n<meta property=\"article:publisher\" content=\"https:\/\/www.facebook.com\/MultiHumanEntheoMusic\" \/>\n<meta property=\"article:published_time\" content=\"2016-01-13T03:04:49+00:00\" \/>\n<meta property=\"article:modified_time\" content=\"2024-10-18T02:36:41+00:00\" \/>\n<meta property=\"og:image\" content=\"https:\/\/multihuman.com.br\/site\/wp-content\/uploads\/2016\/01\/festivais_brasil_2016.jpg\" \/>\n\t<meta property=\"og:image:width\" content=\"650\" \/>\n\t<meta property=\"og:image:height\" content=\"300\" \/>\n\t<meta property=\"og:image:type\" content=\"image\/jpeg\" \/>\n<meta name=\"author\" content=\"fmultihuman\" \/>\n<meta name=\"twitter:card\" content=\"summary_large_image\" \/>\n<meta name=\"twitter:creator\" content=\"@TMWebRadio\" \/>\n<meta name=\"twitter:site\" content=\"@TMWebRadio\" \/>\n<meta name=\"twitter:label1\" content=\"Escrito por\" \/>\n\t<meta name=\"twitter:data1\" content=\"fmultihuman\" \/>\n\t<meta name=\"twitter:label2\" content=\"Est. tempo de leitura\" \/>\n\t<meta name=\"twitter:data2\" content=\"12 minutos\" \/>\n<script type=\"application\/ld+json\" class=\"yoast-schema-graph\">{\"@context\":\"https:\/\/schema.org\",\"@graph\":[{\"@type\":\"WebPage\",\"@id\":\"https:\/\/multihuman.com.br\/site\/blog\/festivais-no-brasil-em-2016\/\",\"url\":\"https:\/\/multihuman.com.br\/site\/blog\/festivais-no-brasil-em-2016\/\",\"name\":\"Festivais no Brasil em 2016 - MultiHuman EntheoMusic\",\"isPartOf\":{\"@id\":\"https:\/\/multihuman.com.br\/site\/#website\"},\"primaryImageOfPage\":{\"@id\":\"https:\/\/multihuman.com.br\/site\/blog\/festivais-no-brasil-em-2016\/#primaryimage\"},\"image\":{\"@id\":\"https:\/\/multihuman.com.br\/site\/blog\/festivais-no-brasil-em-2016\/#primaryimage\"},\"thumbnailUrl\":\"https:\/\/multihuman.com.br\/site\/wp-content\/uploads\/2016\/01\/festivais_brasil_2016.jpg\",\"datePublished\":\"2016-01-13T03:04:49+00:00\",\"dateModified\":\"2024-10-18T02:36:41+00:00\",\"author\":{\"@id\":\"https:\/\/multihuman.com.br\/site\/#\/schema\/person\/a0b27a9d63781b738bd2675a9e7e6ab6\"},\"breadcrumb\":{\"@id\":\"https:\/\/multihuman.com.br\/site\/blog\/festivais-no-brasil-em-2016\/#breadcrumb\"},\"inLanguage\":\"pt-BR\",\"potentialAction\":[{\"@type\":\"ReadAction\",\"target\":[\"https:\/\/multihuman.com.br\/site\/blog\/festivais-no-brasil-em-2016\/\"]}]},{\"@type\":\"ImageObject\",\"inLanguage\":\"pt-BR\",\"@id\":\"https:\/\/multihuman.com.br\/site\/blog\/festivais-no-brasil-em-2016\/#primaryimage\",\"url\":\"https:\/\/multihuman.com.br\/site\/wp-content\/uploads\/2016\/01\/festivais_brasil_2016.jpg\",\"contentUrl\":\"https:\/\/multihuman.com.br\/site\/wp-content\/uploads\/2016\/01\/festivais_brasil_2016.jpg\",\"width\":650,\"height\":300},{\"@type\":\"BreadcrumbList\",\"@id\":\"https:\/\/multihuman.com.br\/site\/blog\/festivais-no-brasil-em-2016\/#breadcrumb\",\"itemListElement\":[{\"@type\":\"ListItem\",\"position\":1,\"name\":\"In\u00edcio\",\"item\":\"https:\/\/multihuman.com.br\/site\/\"},{\"@type\":\"ListItem\",\"position\":2,\"name\":\"Festivais no Brasil em 2016\"}]},{\"@type\":\"WebSite\",\"@id\":\"https:\/\/multihuman.com.br\/site\/#website\",\"url\":\"https:\/\/multihuman.com.br\/site\/\",\"name\":\"MultiHuman EntheoMusic\",\"description\":\"M\u00fasica para transformar consci\u00eancias\",\"potentialAction\":[{\"@type\":\"SearchAction\",\"target\":{\"@type\":\"EntryPoint\",\"urlTemplate\":\"https:\/\/multihuman.com.br\/site\/?s={search_term_string}\"},\"query-input\":{\"@type\":\"PropertyValueSpecification\",\"valueRequired\":true,\"valueName\":\"search_term_string\"}}],\"inLanguage\":\"pt-BR\"},{\"@type\":\"Person\",\"@id\":\"https:\/\/multihuman.com.br\/site\/#\/schema\/person\/a0b27a9d63781b738bd2675a9e7e6ab6\",\"name\":\"fmultihuman\",\"image\":{\"@type\":\"ImageObject\",\"inLanguage\":\"pt-BR\",\"@id\":\"https:\/\/multihuman.com.br\/site\/#\/schema\/person\/image\/\",\"url\":\"https:\/\/secure.gravatar.com\/avatar\/b2a2350bba1cd829cb5571da25b57f2b4ab06f271350430bc4aaa7079d09d2ed?s=96&d=mm&r=g\",\"contentUrl\":\"https:\/\/secure.gravatar.com\/avatar\/b2a2350bba1cd829cb5571da25b57f2b4ab06f271350430bc4aaa7079d09d2ed?s=96&d=mm&r=g\",\"caption\":\"fmultihuman\"},\"sameAs\":[\"https:\/\/multihuman.com.br\"],\"url\":\"https:\/\/multihuman.com.br\/site\/blog\/author\/fmultihuman\/\"}]}<\/script>\n<!-- \/ Yoast SEO plugin. -->","yoast_head_json":{"title":"Festivais no Brasil em 2016 - MultiHuman EntheoMusic","robots":{"index":"index","follow":"follow","max-snippet":"max-snippet:-1","max-image-preview":"max-image-preview:large","max-video-preview":"max-video-preview:-1"},"canonical":"https:\/\/multihuman.com.br\/site\/blog\/festivais-no-brasil-em-2016\/","og_locale":"pt_BR","og_type":"article","og_title":"Festivais no Brasil em 2016 - MultiHuman EntheoMusic","og_description":"2016 comemoramos os 26 anos de Trance no Brasil e aqui est\u00e1 uma Lista dos Principais Festivais que acontecer\u00e3o esse ano! Janeiro \u00a0 Loud Frequency Quando? 16\u00a0de janeiro Onde? S\u00e3o Jos\u00e9 do Rio Preto \/ SP Mais informa\u00e7\u00f5es:\u00a0Facebook \u00a0 Transcend\u00eancia Velho Oeste Quando? 23 de janeiro Onde? Cascavel, Paran\u00e1 Mais informa\u00e7\u00f5es:\u00a0Facebook \u00a0 Kaballah Summer\u00a0Edition Diversas [&hellip;]","og_url":"https:\/\/multihuman.com.br\/site\/blog\/festivais-no-brasil-em-2016\/","og_site_name":"MultiHuman EntheoMusic","article_publisher":"https:\/\/www.facebook.com\/MultiHumanEntheoMusic","article_published_time":"2016-01-13T03:04:49+00:00","article_modified_time":"2024-10-18T02:36:41+00:00","og_image":[{"width":650,"height":300,"url":"https:\/\/multihuman.com.br\/site\/wp-content\/uploads\/2016\/01\/festivais_brasil_2016.jpg","type":"image\/jpeg"}],"author":"fmultihuman","twitter_card":"summary_large_image","twitter_creator":"@TMWebRadio","twitter_site":"@TMWebRadio","twitter_misc":{"Escrito por":"fmultihuman","Est. tempo de leitura":"12 minutos"},"schema":{"@context":"https:\/\/schema.org","@graph":[{"@type":"WebPage","@id":"https:\/\/multihuman.com.br\/site\/blog\/festivais-no-brasil-em-2016\/","url":"https:\/\/multihuman.com.br\/site\/blog\/festivais-no-brasil-em-2016\/","name":"Festivais no Brasil em 2016 - MultiHuman EntheoMusic","isPartOf":{"@id":"https:\/\/multihuman.com.br\/site\/#website"},"primaryImageOfPage":{"@id":"https:\/\/multihuman.com.br\/site\/blog\/festivais-no-brasil-em-2016\/#primaryimage"},"image":{"@id":"https:\/\/multihuman.com.br\/site\/blog\/festivais-no-brasil-em-2016\/#primaryimage"},"thumbnailUrl":"https:\/\/multihuman.com.br\/site\/wp-content\/uploads\/2016\/01\/festivais_brasil_2016.jpg","datePublished":"2016-01-13T03:04:49+00:00","dateModified":"2024-10-18T02:36:41+00:00","author":{"@id":"https:\/\/multihuman.com.br\/site\/#\/schema\/person\/a0b27a9d63781b738bd2675a9e7e6ab6"},"breadcrumb":{"@id":"https:\/\/multihuman.com.br\/site\/blog\/festivais-no-brasil-em-2016\/#breadcrumb"},"inLanguage":"pt-BR","potentialAction":[{"@type":"ReadAction","target":["https:\/\/multihuman.com.br\/site\/blog\/festivais-no-brasil-em-2016\/"]}]},{"@type":"ImageObject","inLanguage":"pt-BR","@id":"https:\/\/multihuman.com.br\/site\/blog\/festivais-no-brasil-em-2016\/#primaryimage","url":"https:\/\/multihuman.com.br\/site\/wp-content\/uploads\/2016\/01\/festivais_brasil_2016.jpg","contentUrl":"https:\/\/multihuman.com.br\/site\/wp-content\/uploads\/2016\/01\/festivais_brasil_2016.jpg","width":650,"height":300},{"@type":"BreadcrumbList","@id":"https:\/\/multihuman.com.br\/site\/blog\/festivais-no-brasil-em-2016\/#breadcrumb","itemListElement":[{"@type":"ListItem","position":1,"name":"In\u00edcio","item":"https:\/\/multihuman.com.br\/site\/"},{"@type":"ListItem","position":2,"name":"Festivais no Brasil em 2016"}]},{"@type":"WebSite","@id":"https:\/\/multihuman.com.br\/site\/#website","url":"https:\/\/multihuman.com.br\/site\/","name":"MultiHuman EntheoMusic","description":"M\u00fasica para transformar consci\u00eancias","potentialAction":[{"@type":"SearchAction","target":{"@type":"EntryPoint","urlTemplate":"https:\/\/multihuman.com.br\/site\/?s={search_term_string}"},"query-input":{"@type":"PropertyValueSpecification","valueRequired":true,"valueName":"search_term_string"}}],"inLanguage":"pt-BR"},{"@type":"Person","@id":"https:\/\/multihuman.com.br\/site\/#\/schema\/person\/a0b27a9d63781b738bd2675a9e7e6ab6","name":"fmultihuman","image":{"@type":"ImageObject","inLanguage":"pt-BR","@id":"https:\/\/multihuman.com.br\/site\/#\/schema\/person\/image\/","url":"https:\/\/secure.gravatar.com\/avatar\/b2a2350bba1cd829cb5571da25b57f2b4ab06f271350430bc4aaa7079d09d2ed?s=96&d=mm&r=g","contentUrl":"https:\/\/secure.gravatar.com\/avatar\/b2a2350bba1cd829cb5571da25b57f2b4ab06f271350430bc4aaa7079d09d2ed?s=96&d=mm&r=g","caption":"fmultihuman"},"sameAs":["https:\/\/multihuman.com.br"],"url":"https:\/\/multihuman.com.br\/site\/blog\/author\/fmultihuman\/"}]}},"_links":{"self":[{"href":"https:\/\/multihuman.com.br\/site\/wp-json\/wp\/v2\/posts\/3107","targetHints":{"allow":["GET"]}}],"collection":[{"href":"https:\/\/multihuman.com.br\/site\/wp-json\/wp\/v2\/posts"}],"about":[{"href":"https:\/\/multihuman.com.br\/site\/wp-json\/wp\/v2\/types\/post"}],"author":[{"embeddable":true,"href":"https:\/\/multihuman.com.br\/site\/wp-json\/wp\/v2\/users\/2"}],"replies":[{"embeddable":true,"href":"https:\/\/multihuman.com.br\/site\/wp-json\/wp\/v2\/comments?post=3107"}],"version-history":[{"count":6,"href":"https:\/\/multihuman.com.br\/site\/wp-json\/wp\/v2\/posts\/3107\/revisions"}],"predecessor-version":[{"id":5852,"href":"https:\/\/multihuman.com.br\/site\/wp-json\/wp\/v2\/posts\/3107\/revisions\/5852"}],"wp:featuredmedia":[{"embeddable":true,"href":"https:\/\/multihuman.com.br\/site\/wp-json\/wp\/v2\/media\/3118"}],"wp:attachment":[{"href":"https:\/\/multihuman.com.br\/site\/wp-json\/wp\/v2\/media?parent=3107"}],"wp:term":[{"taxonomy":"category","embeddable":true,"href":"https:\/\/multihuman.com.br\/site\/wp-json\/wp\/v2\/categories?post=3107"},{"taxonomy":"post_tag","embeddable":true,"href":"https:\/\/multihuman.com.br\/site\/wp-json\/wp\/v2\/tags?post=3107"}],"curies":[{"name":"wp","href":"https:\/\/api.w.org\/{rel}","templated":true}]}}