{"id":28124,"date":"2025-06-19T21:09:46","date_gmt":"2025-06-20T00:09:46","guid":{"rendered":"https:\/\/multihuman.com.br\/site\/?p=28124"},"modified":"2025-06-19T21:09:46","modified_gmt":"2025-06-20T00:09:46","slug":"memoria-viva-guarani-nande-reko-arandu-2004","status":"publish","type":"post","link":"https:\/\/multihuman.com.br\/site\/blog\/memoria-viva-guarani-nande-reko-arandu-2004\/","title":{"rendered":"Mem\u00f3ria Viva Guarani &#8211; \u00d1ande Reko Arandu (2004)"},"content":{"rendered":"<p>[vc_row][vc_column][vc_single_image image=&#8221;28125&#8243; img_size=&#8221;large&#8221; alignment=&#8221;center&#8221; style=&#8221;vc_box_shadow_3d&#8221;][vc_column_text]<\/p>\n<div class=\"kvgmc6g5 cxmmr5t8 oygrvhab hcukyx3x c1et5uql ii04i59q\">\n<p data-start=\"402\" data-end=\"876\">\u201c\u00d1ande Reko Arandu\u201d, lan\u00e7ado em 2004 pelo projeto Mem\u00f3ria Viva Guarani, \u00e9 um registro hist\u00f3rico e espiritual da cultura Guarani Mbya. Gravado em casas de reza de aldeias do sul e sudeste do Brasil, o \u00e1lbum re\u00fane 20 faixas interpretadas por 11 corais infanto-juvenis, envolvendo mais de 200 crian\u00e7as e jovens de diversas comunidades. Cantados em guarani, os coros entoam ora\u00e7\u00f5es, dan\u00e7as e hist\u00f3rias sagradas que celebram a liga\u00e7\u00e3o entre o povo Guarani, a natureza e o divino.<\/p>\n<p data-start=\"878\" data-end=\"1278\">O projeto preserva a autenticidade dos rituais, sem interfer\u00eancia externa, valorizando a tradi\u00e7\u00e3o oral e a espiritualidade ancestral. As grava\u00e7\u00f5es revelam a riqueza das melodias e harmonias corais, levando o ouvinte a uma imers\u00e3o profunda na cosmovis\u00e3o Guarani. O \u00e1lbum se destaca n\u00e3o s\u00f3 como documento etnomusical, mas como instrumento de fortalecimento cultural e espiritual para as novas gera\u00e7\u00f5es.<\/p>\n<p data-start=\"1280\" data-end=\"1485\">\u201c\u00d1ande Reko Arandu\u201d significa \u201cNossa Sabedoria Tradicional\u201d e convida \u00e0 escuta respeitosa dos saberes milenares dos povos origin\u00e1rios, fortalecendo a mem\u00f3ria viva e a dignidade cultural do Brasil ind\u00edgena.<\/p>\n<\/div>\n<p>[\/vc_column_text][vc_empty_space][vc_raw_html]JTNDaWZyYW1lJTIwc3R5bGUlM0QlMjJib3JkZXItcmFkaXVzJTNBMTJweCUyMiUyMHNyYyUzRCUyMmh0dHBzJTNBJTJGJTJGb3Blbi5zcG90aWZ5LmNvbSUyRmVtYmVkJTJGYWxidW0lMkYxNjZ5TzRCSHR4TFlDeE1ScDFQckRqJTNGdXRtX3NvdXJjZSUzRGdlbmVyYXRvciUyMiUyMHdpZHRoJTNEJTIyMTAwJTI1JTIyJTIwaGVpZ2h0JTNEJTIyNTAwJTIyJTIwZnJhbWVCb3JkZXIlM0QlMjIwJTIyJTIwYWxsb3dmdWxsc2NyZWVuJTNEJTIyJTIyJTIwYWxsb3clM0QlMjJhdXRvcGxheSUzQiUyMGNsaXBib2FyZC13cml0ZSUzQiUyMGVuY3J5cHRlZC1tZWRpYSUzQiUyMGZ1bGxzY3JlZW4lM0IlMjBwaWN0dXJlLWluLXBpY3R1cmUlMjIlMjBsb2FkaW5nJTNEJTIybGF6eSUyMiUzRSUzQyUyRmlmcmFtZSUzRQ==[\/vc_raw_html][\/vc_column][\/vc_row]<\/p>\n","protected":false},"excerpt":{"rendered":"<p>[vc_row][vc_column][vc_single_image image=&#8221;28125&#8243; img_size=&#8221;large&#8221; alignment=&#8221;center&#8221; style=&#8221;vc_box_shadow_3d&#8221;][vc_column_text] \u201c\u00d1ande Reko Arandu\u201d, lan\u00e7ado em 2004 pelo projeto Mem\u00f3ria Viva Guarani, \u00e9 um registro hist\u00f3rico e espiritual da cultura Guarani Mbya. Gravado em casas de reza de aldeias do sul e sudeste do Brasil, o \u00e1lbum re\u00fane 20 faixas interpretadas por 11 corais infanto-juvenis, envolvendo mais de 200 crian\u00e7as e [&hellip;]<\/p>\n","protected":false},"author":1,"featured_media":28125,"comment_status":"open","ping_status":"closed","sticky":false,"template":"","format":"audio","meta":{"footnotes":""},"categories":[675,600],"tags":[683,682,681],"class_list":["post-28124","post","type-post","status-publish","format-audio","has-post-thumbnail","hentry","category-albuns-de-medicina","category-musica-xamanica","tag-cantos-guarani","tag-espiritualidade","tag-musica-indigena","post_format-post-format-audio"],"yoast_head":"<!-- This site is optimized with the Yoast SEO plugin v26.2 - https:\/\/yoast.com\/wordpress\/plugins\/seo\/ -->\n<title>Mem\u00f3ria Viva Guarani - \u00d1ande Reko Arandu (2004) - MultiHuman EntheoMusic<\/title>\n<meta name=\"description\" content=\"\u201c\u00d1ande Reko Arandu\u201d, lan\u00e7ado em 2004 pelo projeto Mem\u00f3ria Viva Guarani, \u00e9 um registro hist\u00f3rico e espiritual da cultura Guarani Mbya. Gravado em casas de reza de aldeias do sul e sudeste do Brasil, o \u00e1lbum re\u00fane 20 faixas interpretadas por 11 corais infanto-juvenis, envolvendo mais de 200 crian\u00e7as e jovens de diversas comunidades. Cantados em guarani, os coros entoam ora\u00e7\u00f5es, dan\u00e7as e hist\u00f3rias sagradas que celebram a liga\u00e7\u00e3o entre o povo Guarani, a natureza e o divino.\" \/>\n<meta name=\"robots\" content=\"index, follow, max-snippet:-1, max-image-preview:large, max-video-preview:-1\" \/>\n<link rel=\"canonical\" href=\"https:\/\/multihuman.com.br\/site\/blog\/memoria-viva-guarani-nande-reko-arandu-2004\/\" \/>\n<meta property=\"og:locale\" content=\"pt_BR\" \/>\n<meta property=\"og:type\" content=\"article\" \/>\n<meta property=\"og:title\" content=\"Mem\u00f3ria Viva Guarani - \u00d1ande Reko Arandu (2004) - MultiHuman EntheoMusic\" \/>\n<meta property=\"og:description\" content=\"\u201c\u00d1ande Reko Arandu\u201d, lan\u00e7ado em 2004 pelo projeto Mem\u00f3ria Viva Guarani, \u00e9 um registro hist\u00f3rico e espiritual da cultura Guarani Mbya. Gravado em casas de reza de aldeias do sul e sudeste do Brasil, o \u00e1lbum re\u00fane 20 faixas interpretadas por 11 corais infanto-juvenis, envolvendo mais de 200 crian\u00e7as e jovens de diversas comunidades. Cantados em guarani, os coros entoam ora\u00e7\u00f5es, dan\u00e7as e hist\u00f3rias sagradas que celebram a liga\u00e7\u00e3o entre o povo Guarani, a natureza e o divino.\" \/>\n<meta property=\"og:url\" content=\"https:\/\/multihuman.com.br\/site\/blog\/memoria-viva-guarani-nande-reko-arandu-2004\/\" \/>\n<meta property=\"og:site_name\" content=\"MultiHuman EntheoMusic\" \/>\n<meta property=\"article:publisher\" content=\"https:\/\/www.facebook.com\/MultiHumanEntheoMusic\" \/>\n<meta property=\"article:published_time\" content=\"2025-06-20T00:09:46+00:00\" \/>\n<meta property=\"og:image\" content=\"https:\/\/multihuman.com.br\/site\/wp-content\/uploads\/2025\/06\/1900x1900-000000-80-0-0.jpg\" \/>\n\t<meta property=\"og:image:width\" content=\"1200\" \/>\n\t<meta property=\"og:image:height\" content=\"1200\" \/>\n\t<meta property=\"og:image:type\" content=\"image\/jpeg\" \/>\n<meta name=\"author\" content=\"admin\" \/>\n<meta name=\"twitter:card\" content=\"summary_large_image\" \/>\n<meta name=\"twitter:creator\" content=\"@TMWebRadio\" \/>\n<meta name=\"twitter:site\" content=\"@TMWebRadio\" \/>\n<meta name=\"twitter:label1\" content=\"Escrito por\" \/>\n\t<meta name=\"twitter:data1\" content=\"admin\" \/>\n\t<meta name=\"twitter:label2\" content=\"Est. tempo de leitura\" \/>\n\t<meta name=\"twitter:data2\" content=\"2 minutos\" \/>\n<script type=\"application\/ld+json\" class=\"yoast-schema-graph\">{\"@context\":\"https:\/\/schema.org\",\"@graph\":[{\"@type\":\"WebPage\",\"@id\":\"https:\/\/multihuman.com.br\/site\/blog\/memoria-viva-guarani-nande-reko-arandu-2004\/\",\"url\":\"https:\/\/multihuman.com.br\/site\/blog\/memoria-viva-guarani-nande-reko-arandu-2004\/\",\"name\":\"Mem\u00f3ria Viva Guarani - \u00d1ande Reko Arandu (2004) - MultiHuman EntheoMusic\",\"isPartOf\":{\"@id\":\"https:\/\/multihuman.com.br\/site\/#website\"},\"primaryImageOfPage\":{\"@id\":\"https:\/\/multihuman.com.br\/site\/blog\/memoria-viva-guarani-nande-reko-arandu-2004\/#primaryimage\"},\"image\":{\"@id\":\"https:\/\/multihuman.com.br\/site\/blog\/memoria-viva-guarani-nande-reko-arandu-2004\/#primaryimage\"},\"thumbnailUrl\":\"https:\/\/multihuman.com.br\/site\/wp-content\/uploads\/2025\/06\/1900x1900-000000-80-0-0.jpg\",\"datePublished\":\"2025-06-20T00:09:46+00:00\",\"author\":{\"@id\":\"https:\/\/multihuman.com.br\/site\/#\/schema\/person\/a41a9895af3ff4bc3509640158bfd64f\"},\"description\":\"\u201c\u00d1ande Reko Arandu\u201d, lan\u00e7ado em 2004 pelo projeto Mem\u00f3ria Viva Guarani, \u00e9 um registro hist\u00f3rico e espiritual da cultura Guarani Mbya. Gravado em casas de reza de aldeias do sul e sudeste do Brasil, o \u00e1lbum re\u00fane 20 faixas interpretadas por 11 corais infanto-juvenis, envolvendo mais de 200 crian\u00e7as e jovens de diversas comunidades. Cantados em guarani, os coros entoam ora\u00e7\u00f5es, dan\u00e7as e hist\u00f3rias sagradas que celebram a liga\u00e7\u00e3o entre o povo Guarani, a natureza e o divino.\",\"breadcrumb\":{\"@id\":\"https:\/\/multihuman.com.br\/site\/blog\/memoria-viva-guarani-nande-reko-arandu-2004\/#breadcrumb\"},\"inLanguage\":\"pt-BR\",\"potentialAction\":[{\"@type\":\"ReadAction\",\"target\":[\"https:\/\/multihuman.com.br\/site\/blog\/memoria-viva-guarani-nande-reko-arandu-2004\/\"]}]},{\"@type\":\"ImageObject\",\"inLanguage\":\"pt-BR\",\"@id\":\"https:\/\/multihuman.com.br\/site\/blog\/memoria-viva-guarani-nande-reko-arandu-2004\/#primaryimage\",\"url\":\"https:\/\/multihuman.com.br\/site\/wp-content\/uploads\/2025\/06\/1900x1900-000000-80-0-0.jpg\",\"contentUrl\":\"https:\/\/multihuman.com.br\/site\/wp-content\/uploads\/2025\/06\/1900x1900-000000-80-0-0.jpg\",\"width\":1200,\"height\":1200},{\"@type\":\"BreadcrumbList\",\"@id\":\"https:\/\/multihuman.com.br\/site\/blog\/memoria-viva-guarani-nande-reko-arandu-2004\/#breadcrumb\",\"itemListElement\":[{\"@type\":\"ListItem\",\"position\":1,\"name\":\"In\u00edcio\",\"item\":\"https:\/\/multihuman.com.br\/site\/\"},{\"@type\":\"ListItem\",\"position\":2,\"name\":\"Mem\u00f3ria Viva Guarani &#8211; \u00d1ande Reko Arandu (2004)\"}]},{\"@type\":\"WebSite\",\"@id\":\"https:\/\/multihuman.com.br\/site\/#website\",\"url\":\"https:\/\/multihuman.com.br\/site\/\",\"name\":\"MultiHuman EntheoMusic\",\"description\":\"M\u00fasica para transformar consci\u00eancias\",\"potentialAction\":[{\"@type\":\"SearchAction\",\"target\":{\"@type\":\"EntryPoint\",\"urlTemplate\":\"https:\/\/multihuman.com.br\/site\/?s={search_term_string}\"},\"query-input\":{\"@type\":\"PropertyValueSpecification\",\"valueRequired\":true,\"valueName\":\"search_term_string\"}}],\"inLanguage\":\"pt-BR\"},{\"@type\":\"Person\",\"@id\":\"https:\/\/multihuman.com.br\/site\/#\/schema\/person\/a41a9895af3ff4bc3509640158bfd64f\",\"name\":\"admin\",\"image\":{\"@type\":\"ImageObject\",\"inLanguage\":\"pt-BR\",\"@id\":\"https:\/\/multihuman.com.br\/site\/#\/schema\/person\/image\/\",\"url\":\"https:\/\/secure.gravatar.com\/avatar\/a2a2e20251af0483897e2e6b0543f3091006a17980111e7ee3cc0c42ea7c854c?s=96&d=mm&r=g\",\"contentUrl\":\"https:\/\/secure.gravatar.com\/avatar\/a2a2e20251af0483897e2e6b0543f3091006a17980111e7ee3cc0c42ea7c854c?s=96&d=mm&r=g\",\"caption\":\"admin\"},\"url\":\"https:\/\/multihuman.com.br\/site\/blog\/author\/admin\/\"}]}<\/script>\n<!-- \/ Yoast SEO plugin. -->","yoast_head_json":{"title":"Mem\u00f3ria Viva Guarani - \u00d1ande Reko Arandu (2004) - MultiHuman EntheoMusic","description":"\u201c\u00d1ande Reko Arandu\u201d, lan\u00e7ado em 2004 pelo projeto Mem\u00f3ria Viva Guarani, \u00e9 um registro hist\u00f3rico e espiritual da cultura Guarani Mbya. Gravado em casas de reza de aldeias do sul e sudeste do Brasil, o \u00e1lbum re\u00fane 20 faixas interpretadas por 11 corais infanto-juvenis, envolvendo mais de 200 crian\u00e7as e jovens de diversas comunidades. Cantados em guarani, os coros entoam ora\u00e7\u00f5es, dan\u00e7as e hist\u00f3rias sagradas que celebram a liga\u00e7\u00e3o entre o povo Guarani, a natureza e o divino.","robots":{"index":"index","follow":"follow","max-snippet":"max-snippet:-1","max-image-preview":"max-image-preview:large","max-video-preview":"max-video-preview:-1"},"canonical":"https:\/\/multihuman.com.br\/site\/blog\/memoria-viva-guarani-nande-reko-arandu-2004\/","og_locale":"pt_BR","og_type":"article","og_title":"Mem\u00f3ria Viva Guarani - \u00d1ande Reko Arandu (2004) - MultiHuman EntheoMusic","og_description":"\u201c\u00d1ande Reko Arandu\u201d, lan\u00e7ado em 2004 pelo projeto Mem\u00f3ria Viva Guarani, \u00e9 um registro hist\u00f3rico e espiritual da cultura Guarani Mbya. Gravado em casas de reza de aldeias do sul e sudeste do Brasil, o \u00e1lbum re\u00fane 20 faixas interpretadas por 11 corais infanto-juvenis, envolvendo mais de 200 crian\u00e7as e jovens de diversas comunidades. Cantados em guarani, os coros entoam ora\u00e7\u00f5es, dan\u00e7as e hist\u00f3rias sagradas que celebram a liga\u00e7\u00e3o entre o povo Guarani, a natureza e o divino.","og_url":"https:\/\/multihuman.com.br\/site\/blog\/memoria-viva-guarani-nande-reko-arandu-2004\/","og_site_name":"MultiHuman EntheoMusic","article_publisher":"https:\/\/www.facebook.com\/MultiHumanEntheoMusic","article_published_time":"2025-06-20T00:09:46+00:00","og_image":[{"width":1200,"height":1200,"url":"https:\/\/multihuman.com.br\/site\/wp-content\/uploads\/2025\/06\/1900x1900-000000-80-0-0.jpg","type":"image\/jpeg"}],"author":"admin","twitter_card":"summary_large_image","twitter_creator":"@TMWebRadio","twitter_site":"@TMWebRadio","twitter_misc":{"Escrito por":"admin","Est. tempo de leitura":"2 minutos"},"schema":{"@context":"https:\/\/schema.org","@graph":[{"@type":"WebPage","@id":"https:\/\/multihuman.com.br\/site\/blog\/memoria-viva-guarani-nande-reko-arandu-2004\/","url":"https:\/\/multihuman.com.br\/site\/blog\/memoria-viva-guarani-nande-reko-arandu-2004\/","name":"Mem\u00f3ria Viva Guarani - \u00d1ande Reko Arandu (2004) - MultiHuman EntheoMusic","isPartOf":{"@id":"https:\/\/multihuman.com.br\/site\/#website"},"primaryImageOfPage":{"@id":"https:\/\/multihuman.com.br\/site\/blog\/memoria-viva-guarani-nande-reko-arandu-2004\/#primaryimage"},"image":{"@id":"https:\/\/multihuman.com.br\/site\/blog\/memoria-viva-guarani-nande-reko-arandu-2004\/#primaryimage"},"thumbnailUrl":"https:\/\/multihuman.com.br\/site\/wp-content\/uploads\/2025\/06\/1900x1900-000000-80-0-0.jpg","datePublished":"2025-06-20T00:09:46+00:00","author":{"@id":"https:\/\/multihuman.com.br\/site\/#\/schema\/person\/a41a9895af3ff4bc3509640158bfd64f"},"description":"\u201c\u00d1ande Reko Arandu\u201d, lan\u00e7ado em 2004 pelo projeto Mem\u00f3ria Viva Guarani, \u00e9 um registro hist\u00f3rico e espiritual da cultura Guarani Mbya. Gravado em casas de reza de aldeias do sul e sudeste do Brasil, o \u00e1lbum re\u00fane 20 faixas interpretadas por 11 corais infanto-juvenis, envolvendo mais de 200 crian\u00e7as e jovens de diversas comunidades. Cantados em guarani, os coros entoam ora\u00e7\u00f5es, dan\u00e7as e hist\u00f3rias sagradas que celebram a liga\u00e7\u00e3o entre o povo Guarani, a natureza e o divino.","breadcrumb":{"@id":"https:\/\/multihuman.com.br\/site\/blog\/memoria-viva-guarani-nande-reko-arandu-2004\/#breadcrumb"},"inLanguage":"pt-BR","potentialAction":[{"@type":"ReadAction","target":["https:\/\/multihuman.com.br\/site\/blog\/memoria-viva-guarani-nande-reko-arandu-2004\/"]}]},{"@type":"ImageObject","inLanguage":"pt-BR","@id":"https:\/\/multihuman.com.br\/site\/blog\/memoria-viva-guarani-nande-reko-arandu-2004\/#primaryimage","url":"https:\/\/multihuman.com.br\/site\/wp-content\/uploads\/2025\/06\/1900x1900-000000-80-0-0.jpg","contentUrl":"https:\/\/multihuman.com.br\/site\/wp-content\/uploads\/2025\/06\/1900x1900-000000-80-0-0.jpg","width":1200,"height":1200},{"@type":"BreadcrumbList","@id":"https:\/\/multihuman.com.br\/site\/blog\/memoria-viva-guarani-nande-reko-arandu-2004\/#breadcrumb","itemListElement":[{"@type":"ListItem","position":1,"name":"In\u00edcio","item":"https:\/\/multihuman.com.br\/site\/"},{"@type":"ListItem","position":2,"name":"Mem\u00f3ria Viva Guarani &#8211; \u00d1ande Reko Arandu (2004)"}]},{"@type":"WebSite","@id":"https:\/\/multihuman.com.br\/site\/#website","url":"https:\/\/multihuman.com.br\/site\/","name":"MultiHuman EntheoMusic","description":"M\u00fasica para transformar consci\u00eancias","potentialAction":[{"@type":"SearchAction","target":{"@type":"EntryPoint","urlTemplate":"https:\/\/multihuman.com.br\/site\/?s={search_term_string}"},"query-input":{"@type":"PropertyValueSpecification","valueRequired":true,"valueName":"search_term_string"}}],"inLanguage":"pt-BR"},{"@type":"Person","@id":"https:\/\/multihuman.com.br\/site\/#\/schema\/person\/a41a9895af3ff4bc3509640158bfd64f","name":"admin","image":{"@type":"ImageObject","inLanguage":"pt-BR","@id":"https:\/\/multihuman.com.br\/site\/#\/schema\/person\/image\/","url":"https:\/\/secure.gravatar.com\/avatar\/a2a2e20251af0483897e2e6b0543f3091006a17980111e7ee3cc0c42ea7c854c?s=96&d=mm&r=g","contentUrl":"https:\/\/secure.gravatar.com\/avatar\/a2a2e20251af0483897e2e6b0543f3091006a17980111e7ee3cc0c42ea7c854c?s=96&d=mm&r=g","caption":"admin"},"url":"https:\/\/multihuman.com.br\/site\/blog\/author\/admin\/"}]}},"_links":{"self":[{"href":"https:\/\/multihuman.com.br\/site\/wp-json\/wp\/v2\/posts\/28124","targetHints":{"allow":["GET"]}}],"collection":[{"href":"https:\/\/multihuman.com.br\/site\/wp-json\/wp\/v2\/posts"}],"about":[{"href":"https:\/\/multihuman.com.br\/site\/wp-json\/wp\/v2\/types\/post"}],"author":[{"embeddable":true,"href":"https:\/\/multihuman.com.br\/site\/wp-json\/wp\/v2\/users\/1"}],"replies":[{"embeddable":true,"href":"https:\/\/multihuman.com.br\/site\/wp-json\/wp\/v2\/comments?post=28124"}],"version-history":[{"count":1,"href":"https:\/\/multihuman.com.br\/site\/wp-json\/wp\/v2\/posts\/28124\/revisions"}],"predecessor-version":[{"id":28126,"href":"https:\/\/multihuman.com.br\/site\/wp-json\/wp\/v2\/posts\/28124\/revisions\/28126"}],"wp:featuredmedia":[{"embeddable":true,"href":"https:\/\/multihuman.com.br\/site\/wp-json\/wp\/v2\/media\/28125"}],"wp:attachment":[{"href":"https:\/\/multihuman.com.br\/site\/wp-json\/wp\/v2\/media?parent=28124"}],"wp:term":[{"taxonomy":"category","embeddable":true,"href":"https:\/\/multihuman.com.br\/site\/wp-json\/wp\/v2\/categories?post=28124"},{"taxonomy":"post_tag","embeddable":true,"href":"https:\/\/multihuman.com.br\/site\/wp-json\/wp\/v2\/tags?post=28124"}],"curies":[{"name":"wp","href":"https:\/\/api.w.org\/{rel}","templated":true}]}}