{"id":28077,"date":"2025-06-17T19:42:13","date_gmt":"2025-06-17T22:42:13","guid":{"rendered":"https:\/\/multihuman.com.br\/site\/?p=28077"},"modified":"2025-07-01T20:01:46","modified_gmt":"2025-07-01T23:01:46","slug":"pacha-wakay-munan-el-tiempo-quiere-cantar-2025","status":"publish","type":"post","link":"https:\/\/multihuman.com.br\/site\/blog\/pacha-wakay-munan-el-tiempo-quiere-cantar-2025\/","title":{"rendered":"Pacha Wakay Munan &#8211; El Tiempo Quiere Cantar (2025)"},"content":{"rendered":"<p>[vc_row][vc_column][vc_single_image image=&#8221;28078&#8243; img_size=&#8221;large&#8221; alignment=&#8221;center&#8221; style=&#8221;vc_box_shadow_3d&#8221;][vc_column_text]<\/p>\n<div class=\"kvgmc6g5 cxmmr5t8 oygrvhab hcukyx3x c1et5uql ii04i59q\">\n<p data-start=\"358\" data-end=\"753\">O \u00e1lbum <strong data-start=\"366\" data-end=\"395\">&#8220;El tiempo quiere cantar&#8221;<\/strong> do artista <strong data-start=\"407\" data-end=\"428\">Pacha Wakay Munan<\/strong> \u00e9 uma verdadeira viagem sonora pelas ra\u00edzes andinas e pela espiritualidade sul-americana. Lan\u00e7ado recentemente, o disco re\u00fane can\u00e7\u00f5es que misturam instrumentos tradicionais, como flautas e charangos, a texturas eletr\u00f4nicas e vocais ancestrais, criando uma atmosfera de conex\u00e3o com a natureza, o tempo e a pr\u00f3pria exist\u00eancia.<\/p>\n<p data-start=\"755\" data-end=\"1231\">Cada faixa traz um convite ao mergulho interior, resgatando mem\u00f3rias coletivas e individuais, celebrando o ciclo da vida e o pulsar da Terra. As letras, em espanhol e quechua, evocam o sagrado, os rituais e a sabedoria dos povos origin\u00e1rios dos Andes. O nome do \u00e1lbum \u2013 que pode ser traduzido como \u201cO tempo quer cantar\u201d \u2013 refor\u00e7a a ideia de que, em meio ao ritmo acelerado do mundo moderno, ainda h\u00e1 espa\u00e7o para escutar as mensagens do tempo, da natureza e do pr\u00f3prio cora\u00e7\u00e3o.<\/p>\n<p data-start=\"1233\" data-end=\"1490\">Para quem aprecia m\u00fasica espiritual, world music, ou est\u00e1 em busca de novos sons que transcendam fronteiras, <strong data-start=\"1342\" data-end=\"1371\">&#8220;El tiempo quiere cantar&#8221;<\/strong> \u00e9 uma \u00f3tima descoberta. Coloque os fones, respire fundo e permita-se ouvir o tempo cantar junto com Pacha Wakay Munan.<\/p>\n<p data-start=\"1233\" data-end=\"1490\">Lan\u00e7ado em 25 de Abril de 2025.<\/p>\n<\/div>\n<p>[\/vc_column_text][vc_empty_space][vc_raw_html]JTNDZGl2JTIwYWxpZ24lM0QlMjJjZW50ZXIlMjIlM0UlM0NpZnJhbWUlMjBzdHlsZSUzRCUyMmJvcmRlciUzQSUyMDAlM0IlMjB3aWR0aCUzQSUyMDM1MHB4JTNCJTIwaGVpZ2h0JTNBJTIwNzIwcHglM0IlMjIlMjBzcmMlM0QlMjJodHRwcyUzQSUyRiUyRmJhbmRjYW1wLmNvbSUyRkVtYmVkZGVkUGxheWVyJTJGYWxidW0lM0QxNTExMjA5NjA4JTJGc2l6ZSUzRGxhcmdlJTJGYmdjb2wlM0RmZmZmZmYlMkZsaW5rY29sJTNEMDY4N2Y1JTJGdHJhY2slM0QxODQ0MjUyMTM2JTJGdHJhbnNwYXJlbnQlM0R0cnVlJTJGJTIyJTIwc2VhbWxlc3MlM0UlM0NhJTIwaHJlZiUzRCUyMmh0dHBzJTNBJTJGJTJGYnVocmVjb3Jkcy5iYW5kY2FtcC5jb20lMkZhbGJ1bSUyRmVsLXRpZW1wby1xdWllcmUtY2FudGFyJTIyJTNFRWwlMjB0aWVtcG8lMjBxdWllcmUlMjBjYW50YXIlMjBieSUyMFBhY2hhJTIwV2FrYXklMjBNdW5hbiUzQyUyRmElM0UlM0MlMkZpZnJhbWUlM0UlM0MlMkZpZnJhbWUlM0UlM0MlMkZkaXYlM0U=[\/vc_raw_html][\/vc_column][\/vc_row]<\/p>\n","protected":false},"excerpt":{"rendered":"<p>[vc_row][vc_column][vc_single_image image=&#8221;28078&#8243; img_size=&#8221;large&#8221; alignment=&#8221;center&#8221; style=&#8221;vc_box_shadow_3d&#8221;][vc_column_text] O \u00e1lbum &#8220;El tiempo quiere cantar&#8221; do artista Pacha Wakay Munan \u00e9 uma verdadeira viagem sonora pelas ra\u00edzes andinas e pela espiritualidade sul-americana. Lan\u00e7ado recentemente, o disco re\u00fane can\u00e7\u00f5es que misturam instrumentos tradicionais, como flautas e charangos, a texturas eletr\u00f4nicas e vocais ancestrais, criando uma atmosfera de conex\u00e3o com a [&hellip;]<\/p>\n","protected":false},"author":1,"featured_media":28078,"comment_status":"open","ping_status":"closed","sticky":false,"template":"","format":"audio","meta":{"footnotes":""},"categories":[675,622,620],"tags":[674,547,500,565,536,503],"class_list":["post-28077","post","type-post","status-publish","format-audio","has-post-thumbnail","hentry","category-albuns-de-medicina","category-frecuencia-tropical","category-xamanic-waves","tag-andes","tag-musica-andina","tag-musica-xamanica","tag-shamanic","tag-tropical-music","tag-world-music","post_format-post-format-audio"],"yoast_head":"<!-- This site is optimized with the Yoast SEO plugin v26.2 - https:\/\/yoast.com\/wordpress\/plugins\/seo\/ -->\n<title>Pacha Wakay Munan - El Tiempo Quiere Cantar (2025) - MultiHuman EntheoMusic<\/title>\n<meta name=\"description\" content=\"O \u00e1lbum &quot;El tiempo quiere cantar&quot; do artista Pacha Wakay Munan \u00e9 uma verdadeira viagem sonora pelas ra\u00edzes andinas e pela espiritualidade sul-americana. Lan\u00e7ado recentemente, o disco re\u00fane can\u00e7\u00f5es que misturam instrumentos tradicionais, como flautas e charangos, a texturas eletr\u00f4nicas e vocais ancestrais, criando uma atmosfera de conex\u00e3o com a natureza, o tempo e a pr\u00f3pria exist\u00eancia.\" \/>\n<meta name=\"robots\" content=\"index, follow, max-snippet:-1, max-image-preview:large, max-video-preview:-1\" \/>\n<link rel=\"canonical\" href=\"https:\/\/multihuman.com.br\/site\/blog\/pacha-wakay-munan-el-tiempo-quiere-cantar-2025\/\" \/>\n<meta property=\"og:locale\" content=\"pt_BR\" \/>\n<meta property=\"og:type\" content=\"article\" \/>\n<meta property=\"og:title\" content=\"Pacha Wakay Munan - El Tiempo Quiere Cantar (2025) - MultiHuman EntheoMusic\" \/>\n<meta property=\"og:description\" content=\"O \u00e1lbum &quot;El tiempo quiere cantar&quot; do artista Pacha Wakay Munan \u00e9 uma verdadeira viagem sonora pelas ra\u00edzes andinas e pela espiritualidade sul-americana. Lan\u00e7ado recentemente, o disco re\u00fane can\u00e7\u00f5es que misturam instrumentos tradicionais, como flautas e charangos, a texturas eletr\u00f4nicas e vocais ancestrais, criando uma atmosfera de conex\u00e3o com a natureza, o tempo e a pr\u00f3pria exist\u00eancia.\" \/>\n<meta property=\"og:url\" content=\"https:\/\/multihuman.com.br\/site\/blog\/pacha-wakay-munan-el-tiempo-quiere-cantar-2025\/\" \/>\n<meta property=\"og:site_name\" content=\"MultiHuman EntheoMusic\" \/>\n<meta property=\"article:publisher\" content=\"https:\/\/www.facebook.com\/MultiHumanEntheoMusic\" \/>\n<meta property=\"article:published_time\" content=\"2025-06-17T22:42:13+00:00\" \/>\n<meta property=\"article:modified_time\" content=\"2025-07-01T23:01:46+00:00\" \/>\n<meta property=\"og:image\" content=\"https:\/\/multihuman.com.br\/site\/wp-content\/uploads\/2025\/06\/el.tiempo.quiere.cantar.jpg\" \/>\n\t<meta property=\"og:image:width\" content=\"1200\" \/>\n\t<meta property=\"og:image:height\" content=\"1200\" \/>\n\t<meta property=\"og:image:type\" content=\"image\/jpeg\" \/>\n<meta name=\"author\" content=\"admin\" \/>\n<meta name=\"twitter:card\" content=\"summary_large_image\" \/>\n<meta name=\"twitter:creator\" content=\"@TMWebRadio\" \/>\n<meta name=\"twitter:site\" content=\"@TMWebRadio\" \/>\n<meta name=\"twitter:label1\" content=\"Escrito por\" \/>\n\t<meta name=\"twitter:data1\" content=\"admin\" \/>\n\t<meta name=\"twitter:label2\" content=\"Est. tempo de leitura\" \/>\n\t<meta name=\"twitter:data2\" content=\"2 minutos\" \/>\n<script type=\"application\/ld+json\" class=\"yoast-schema-graph\">{\"@context\":\"https:\/\/schema.org\",\"@graph\":[{\"@type\":\"WebPage\",\"@id\":\"https:\/\/multihuman.com.br\/site\/blog\/pacha-wakay-munan-el-tiempo-quiere-cantar-2025\/\",\"url\":\"https:\/\/multihuman.com.br\/site\/blog\/pacha-wakay-munan-el-tiempo-quiere-cantar-2025\/\",\"name\":\"Pacha Wakay Munan - El Tiempo Quiere Cantar (2025) - MultiHuman EntheoMusic\",\"isPartOf\":{\"@id\":\"https:\/\/multihuman.com.br\/site\/#website\"},\"primaryImageOfPage\":{\"@id\":\"https:\/\/multihuman.com.br\/site\/blog\/pacha-wakay-munan-el-tiempo-quiere-cantar-2025\/#primaryimage\"},\"image\":{\"@id\":\"https:\/\/multihuman.com.br\/site\/blog\/pacha-wakay-munan-el-tiempo-quiere-cantar-2025\/#primaryimage\"},\"thumbnailUrl\":\"https:\/\/multihuman.com.br\/site\/wp-content\/uploads\/2025\/06\/el.tiempo.quiere.cantar.jpg\",\"datePublished\":\"2025-06-17T22:42:13+00:00\",\"dateModified\":\"2025-07-01T23:01:46+00:00\",\"author\":{\"@id\":\"https:\/\/multihuman.com.br\/site\/#\/schema\/person\/a41a9895af3ff4bc3509640158bfd64f\"},\"description\":\"O \u00e1lbum \\\"El tiempo quiere cantar\\\" do artista Pacha Wakay Munan \u00e9 uma verdadeira viagem sonora pelas ra\u00edzes andinas e pela espiritualidade sul-americana. Lan\u00e7ado recentemente, o disco re\u00fane can\u00e7\u00f5es que misturam instrumentos tradicionais, como flautas e charangos, a texturas eletr\u00f4nicas e vocais ancestrais, criando uma atmosfera de conex\u00e3o com a natureza, o tempo e a pr\u00f3pria exist\u00eancia.\",\"breadcrumb\":{\"@id\":\"https:\/\/multihuman.com.br\/site\/blog\/pacha-wakay-munan-el-tiempo-quiere-cantar-2025\/#breadcrumb\"},\"inLanguage\":\"pt-BR\",\"potentialAction\":[{\"@type\":\"ReadAction\",\"target\":[\"https:\/\/multihuman.com.br\/site\/blog\/pacha-wakay-munan-el-tiempo-quiere-cantar-2025\/\"]}]},{\"@type\":\"ImageObject\",\"inLanguage\":\"pt-BR\",\"@id\":\"https:\/\/multihuman.com.br\/site\/blog\/pacha-wakay-munan-el-tiempo-quiere-cantar-2025\/#primaryimage\",\"url\":\"https:\/\/multihuman.com.br\/site\/wp-content\/uploads\/2025\/06\/el.tiempo.quiere.cantar.jpg\",\"contentUrl\":\"https:\/\/multihuman.com.br\/site\/wp-content\/uploads\/2025\/06\/el.tiempo.quiere.cantar.jpg\",\"width\":1200,\"height\":1200},{\"@type\":\"BreadcrumbList\",\"@id\":\"https:\/\/multihuman.com.br\/site\/blog\/pacha-wakay-munan-el-tiempo-quiere-cantar-2025\/#breadcrumb\",\"itemListElement\":[{\"@type\":\"ListItem\",\"position\":1,\"name\":\"In\u00edcio\",\"item\":\"https:\/\/multihuman.com.br\/site\/\"},{\"@type\":\"ListItem\",\"position\":2,\"name\":\"Pacha Wakay Munan &#8211; El Tiempo Quiere Cantar (2025)\"}]},{\"@type\":\"WebSite\",\"@id\":\"https:\/\/multihuman.com.br\/site\/#website\",\"url\":\"https:\/\/multihuman.com.br\/site\/\",\"name\":\"MultiHuman EntheoMusic\",\"description\":\"M\u00fasica para transformar consci\u00eancias\",\"potentialAction\":[{\"@type\":\"SearchAction\",\"target\":{\"@type\":\"EntryPoint\",\"urlTemplate\":\"https:\/\/multihuman.com.br\/site\/?s={search_term_string}\"},\"query-input\":{\"@type\":\"PropertyValueSpecification\",\"valueRequired\":true,\"valueName\":\"search_term_string\"}}],\"inLanguage\":\"pt-BR\"},{\"@type\":\"Person\",\"@id\":\"https:\/\/multihuman.com.br\/site\/#\/schema\/person\/a41a9895af3ff4bc3509640158bfd64f\",\"name\":\"admin\",\"image\":{\"@type\":\"ImageObject\",\"inLanguage\":\"pt-BR\",\"@id\":\"https:\/\/multihuman.com.br\/site\/#\/schema\/person\/image\/\",\"url\":\"https:\/\/secure.gravatar.com\/avatar\/a2a2e20251af0483897e2e6b0543f3091006a17980111e7ee3cc0c42ea7c854c?s=96&d=mm&r=g\",\"contentUrl\":\"https:\/\/secure.gravatar.com\/avatar\/a2a2e20251af0483897e2e6b0543f3091006a17980111e7ee3cc0c42ea7c854c?s=96&d=mm&r=g\",\"caption\":\"admin\"},\"url\":\"https:\/\/multihuman.com.br\/site\/blog\/author\/admin\/\"}]}<\/script>\n<!-- \/ Yoast SEO plugin. -->","yoast_head_json":{"title":"Pacha Wakay Munan - El Tiempo Quiere Cantar (2025) - MultiHuman EntheoMusic","description":"O \u00e1lbum \"El tiempo quiere cantar\" do artista Pacha Wakay Munan \u00e9 uma verdadeira viagem sonora pelas ra\u00edzes andinas e pela espiritualidade sul-americana. Lan\u00e7ado recentemente, o disco re\u00fane can\u00e7\u00f5es que misturam instrumentos tradicionais, como flautas e charangos, a texturas eletr\u00f4nicas e vocais ancestrais, criando uma atmosfera de conex\u00e3o com a natureza, o tempo e a pr\u00f3pria exist\u00eancia.","robots":{"index":"index","follow":"follow","max-snippet":"max-snippet:-1","max-image-preview":"max-image-preview:large","max-video-preview":"max-video-preview:-1"},"canonical":"https:\/\/multihuman.com.br\/site\/blog\/pacha-wakay-munan-el-tiempo-quiere-cantar-2025\/","og_locale":"pt_BR","og_type":"article","og_title":"Pacha Wakay Munan - El Tiempo Quiere Cantar (2025) - MultiHuman EntheoMusic","og_description":"O \u00e1lbum \"El tiempo quiere cantar\" do artista Pacha Wakay Munan \u00e9 uma verdadeira viagem sonora pelas ra\u00edzes andinas e pela espiritualidade sul-americana. Lan\u00e7ado recentemente, o disco re\u00fane can\u00e7\u00f5es que misturam instrumentos tradicionais, como flautas e charangos, a texturas eletr\u00f4nicas e vocais ancestrais, criando uma atmosfera de conex\u00e3o com a natureza, o tempo e a pr\u00f3pria exist\u00eancia.","og_url":"https:\/\/multihuman.com.br\/site\/blog\/pacha-wakay-munan-el-tiempo-quiere-cantar-2025\/","og_site_name":"MultiHuman EntheoMusic","article_publisher":"https:\/\/www.facebook.com\/MultiHumanEntheoMusic","article_published_time":"2025-06-17T22:42:13+00:00","article_modified_time":"2025-07-01T23:01:46+00:00","og_image":[{"width":1200,"height":1200,"url":"https:\/\/multihuman.com.br\/site\/wp-content\/uploads\/2025\/06\/el.tiempo.quiere.cantar.jpg","type":"image\/jpeg"}],"author":"admin","twitter_card":"summary_large_image","twitter_creator":"@TMWebRadio","twitter_site":"@TMWebRadio","twitter_misc":{"Escrito por":"admin","Est. tempo de leitura":"2 minutos"},"schema":{"@context":"https:\/\/schema.org","@graph":[{"@type":"WebPage","@id":"https:\/\/multihuman.com.br\/site\/blog\/pacha-wakay-munan-el-tiempo-quiere-cantar-2025\/","url":"https:\/\/multihuman.com.br\/site\/blog\/pacha-wakay-munan-el-tiempo-quiere-cantar-2025\/","name":"Pacha Wakay Munan - El Tiempo Quiere Cantar (2025) - MultiHuman EntheoMusic","isPartOf":{"@id":"https:\/\/multihuman.com.br\/site\/#website"},"primaryImageOfPage":{"@id":"https:\/\/multihuman.com.br\/site\/blog\/pacha-wakay-munan-el-tiempo-quiere-cantar-2025\/#primaryimage"},"image":{"@id":"https:\/\/multihuman.com.br\/site\/blog\/pacha-wakay-munan-el-tiempo-quiere-cantar-2025\/#primaryimage"},"thumbnailUrl":"https:\/\/multihuman.com.br\/site\/wp-content\/uploads\/2025\/06\/el.tiempo.quiere.cantar.jpg","datePublished":"2025-06-17T22:42:13+00:00","dateModified":"2025-07-01T23:01:46+00:00","author":{"@id":"https:\/\/multihuman.com.br\/site\/#\/schema\/person\/a41a9895af3ff4bc3509640158bfd64f"},"description":"O \u00e1lbum \"El tiempo quiere cantar\" do artista Pacha Wakay Munan \u00e9 uma verdadeira viagem sonora pelas ra\u00edzes andinas e pela espiritualidade sul-americana. Lan\u00e7ado recentemente, o disco re\u00fane can\u00e7\u00f5es que misturam instrumentos tradicionais, como flautas e charangos, a texturas eletr\u00f4nicas e vocais ancestrais, criando uma atmosfera de conex\u00e3o com a natureza, o tempo e a pr\u00f3pria exist\u00eancia.","breadcrumb":{"@id":"https:\/\/multihuman.com.br\/site\/blog\/pacha-wakay-munan-el-tiempo-quiere-cantar-2025\/#breadcrumb"},"inLanguage":"pt-BR","potentialAction":[{"@type":"ReadAction","target":["https:\/\/multihuman.com.br\/site\/blog\/pacha-wakay-munan-el-tiempo-quiere-cantar-2025\/"]}]},{"@type":"ImageObject","inLanguage":"pt-BR","@id":"https:\/\/multihuman.com.br\/site\/blog\/pacha-wakay-munan-el-tiempo-quiere-cantar-2025\/#primaryimage","url":"https:\/\/multihuman.com.br\/site\/wp-content\/uploads\/2025\/06\/el.tiempo.quiere.cantar.jpg","contentUrl":"https:\/\/multihuman.com.br\/site\/wp-content\/uploads\/2025\/06\/el.tiempo.quiere.cantar.jpg","width":1200,"height":1200},{"@type":"BreadcrumbList","@id":"https:\/\/multihuman.com.br\/site\/blog\/pacha-wakay-munan-el-tiempo-quiere-cantar-2025\/#breadcrumb","itemListElement":[{"@type":"ListItem","position":1,"name":"In\u00edcio","item":"https:\/\/multihuman.com.br\/site\/"},{"@type":"ListItem","position":2,"name":"Pacha Wakay Munan &#8211; El Tiempo Quiere Cantar (2025)"}]},{"@type":"WebSite","@id":"https:\/\/multihuman.com.br\/site\/#website","url":"https:\/\/multihuman.com.br\/site\/","name":"MultiHuman EntheoMusic","description":"M\u00fasica para transformar consci\u00eancias","potentialAction":[{"@type":"SearchAction","target":{"@type":"EntryPoint","urlTemplate":"https:\/\/multihuman.com.br\/site\/?s={search_term_string}"},"query-input":{"@type":"PropertyValueSpecification","valueRequired":true,"valueName":"search_term_string"}}],"inLanguage":"pt-BR"},{"@type":"Person","@id":"https:\/\/multihuman.com.br\/site\/#\/schema\/person\/a41a9895af3ff4bc3509640158bfd64f","name":"admin","image":{"@type":"ImageObject","inLanguage":"pt-BR","@id":"https:\/\/multihuman.com.br\/site\/#\/schema\/person\/image\/","url":"https:\/\/secure.gravatar.com\/avatar\/a2a2e20251af0483897e2e6b0543f3091006a17980111e7ee3cc0c42ea7c854c?s=96&d=mm&r=g","contentUrl":"https:\/\/secure.gravatar.com\/avatar\/a2a2e20251af0483897e2e6b0543f3091006a17980111e7ee3cc0c42ea7c854c?s=96&d=mm&r=g","caption":"admin"},"url":"https:\/\/multihuman.com.br\/site\/blog\/author\/admin\/"}]}},"_links":{"self":[{"href":"https:\/\/multihuman.com.br\/site\/wp-json\/wp\/v2\/posts\/28077","targetHints":{"allow":["GET"]}}],"collection":[{"href":"https:\/\/multihuman.com.br\/site\/wp-json\/wp\/v2\/posts"}],"about":[{"href":"https:\/\/multihuman.com.br\/site\/wp-json\/wp\/v2\/types\/post"}],"author":[{"embeddable":true,"href":"https:\/\/multihuman.com.br\/site\/wp-json\/wp\/v2\/users\/1"}],"replies":[{"embeddable":true,"href":"https:\/\/multihuman.com.br\/site\/wp-json\/wp\/v2\/comments?post=28077"}],"version-history":[{"count":11,"href":"https:\/\/multihuman.com.br\/site\/wp-json\/wp\/v2\/posts\/28077\/revisions"}],"predecessor-version":[{"id":28186,"href":"https:\/\/multihuman.com.br\/site\/wp-json\/wp\/v2\/posts\/28077\/revisions\/28186"}],"wp:featuredmedia":[{"embeddable":true,"href":"https:\/\/multihuman.com.br\/site\/wp-json\/wp\/v2\/media\/28078"}],"wp:attachment":[{"href":"https:\/\/multihuman.com.br\/site\/wp-json\/wp\/v2\/media?parent=28077"}],"wp:term":[{"taxonomy":"category","embeddable":true,"href":"https:\/\/multihuman.com.br\/site\/wp-json\/wp\/v2\/categories?post=28077"},{"taxonomy":"post_tag","embeddable":true,"href":"https:\/\/multihuman.com.br\/site\/wp-json\/wp\/v2\/tags?post=28077"}],"curies":[{"name":"wp","href":"https:\/\/api.w.org\/{rel}","templated":true}]}}